{"id":4658,"date":"2026-06-10T16:48:57","date_gmt":"2026-06-10T19:48:57","guid":{"rendered":"https:\/\/revistaoeste.com\/esporte\/?p=4658"},"modified":"2026-06-10T19:27:52","modified_gmt":"2026-06-10T22:27:52","slug":"aniversario-de-ancelotti-e-visita-de-spike-lee-marcam-treino-da-selecao-brasileira","status":"publish","type":"post","link":"https:\/\/www.revistaoeste.com\/esporte\/aniversario-de-ancelotti-e-visita-de-spike-lee-marcam-treino-da-selecao-brasileira\/","title":{"rendered":"Spike Lee acompanha treino e v\u00ea ancelotti levar &#8216;trote&#8217; no anivers\u00e1rio"},"content":{"rendered":"\n<p class=\"wp-block-paragraph\">A prepara\u00e7\u00e3o da Sele\u00e7\u00e3o Brasileira para a estreia na Copa do Mundo de 2026 teve um clima diferente nesta ter\u00e7a-feira, 10. Al\u00e9m dos ajustes finais para o confronto contra o Marrocos, o treinamento foi marcado pelas comemora\u00e7\u00f5es do anivers\u00e1rio de Carlo Ancelotti e pela presen\u00e7a ilustre do cineasta norte-americano Spike Lee.<\/p>\n\n\n\n<p class=\"wp-block-paragraph\"><strong>+Leia mais noticias em\u00a0<\/strong><a  href=\"https:\/\/revistaoeste.com\/esporte\/copa-sem-firula\/\"  target=\"_blank\" rel=\"noopener noreferrer\"><strong>Oeste Esport<\/strong>e<\/a><\/p>\n\n\n\n<p class=\"wp-block-paragraph\">O t\u00e9cnico italiano completou 67 anos e recebeu homenagens dos jogadores, integrantes da comiss\u00e3o t\u00e9cnica e funcion\u00e1rios da delega\u00e7\u00e3o brasileira. O anivers\u00e1rio acontece em um momento especial da carreira de Ancelotti, que disputa sua primeira Copa do Mundo como treinador principal de uma sele\u00e7\u00e3o.<\/p>\n\n\n\n<p class=\"wp-block-paragraph\">A data tamb\u00e9m traz uma coincid\u00eancia especial para o treinador. H\u00e1 exatamente um ano, Ancelotti fazia sua estreia no comando da Sele\u00e7\u00e3o Brasileira em uma vit\u00f3ria sobre o Paraguai, na Neo Qu\u00edmica Arena. Na ocasi\u00e3o, a torcida brasileira preparou uma homenagem ao italiano antes da partida, exibindo um mosaico com a mensagem &#8220;Parab\u00e9ns, Carletto&#8221;, em refer\u00eancia ao apelido pelo qual o t\u00e9cnico \u00e9 conhecido no mundo do futebol. O gesto marcou o in\u00edcio de sua trajet\u00f3ria \u00e0 frente da equipe nacional e refor\u00e7ou a conex\u00e3o criada entre o treinador e os torcedores brasileiros desde sua chegada ao cargo.<\/p>\n\n\n\n<p class=\"wp-block-paragraph\">Ap\u00f3s a atividade realizada no centro de treinamento da equipe nos Estados Unidos, o comandante foi celebrado pelos atletas em um ambiente descontra\u00eddo. A expectativa \u00e9 que o treinador receba seu principal presente nos pr\u00f3ximos dias: uma estreia positiva do Brasil na busca pelo hexacampeonato mundial.<\/p>\n\n\n\n<p class=\"wp-block-paragraph\">Outro destaque do dia foi a visita de Spike Lee. Um dos cineastas mais influentes do mundo e apaixonado por esportes, o diretor norte-americano acompanhou parte das atividades da Sele\u00e7\u00e3o e interagiu com membros da delega\u00e7\u00e3o brasileira.<\/p>\n\n\n\n<p class=\"wp-block-paragraph\">Conhecido por filmes como <em>Fa\u00e7a a Coisa Certa<\/em>, <em>Malcolm X<\/em> e <em>Infiltrado na Klan<\/em>, Spike Lee costuma marcar presen\u00e7a em grandes eventos esportivos e frequentemente acompanha partidas da NBA, especialmente do New York Knicks, equipe da qual \u00e9 um dos torcedores mais famosos.<\/p>\n\n\n\n<p class=\"wp-block-paragraph\">A presen\u00e7a do diretor chamou a aten\u00e7\u00e3o dos jogadores, que aproveitaram a oportunidade para conversar e registrar o encontro com fotos. O cineasta tamb\u00e9m acompanhou de perto o ambiente da equipe a poucos dias da estreia no Mundial.<\/p>\n\n\n\n<p class=\"wp-block-paragraph\">Dentro de campo, o treino foi voltado para os \u00faltimos ajustes t\u00e1ticos antes da partida contra o Marrocos. Ancelotti trabalhou movimenta\u00e7\u00f5es ofensivas, organiza\u00e7\u00e3o defensiva e situa\u00e7\u00f5es de bola parada, consideradas fundamentais para o primeiro compromisso da Sele\u00e7\u00e3o na competi\u00e7\u00e3o.<\/p>\n\n\n\n<p class=\"wp-block-paragraph\"><strong>+Leia mais <a  href=\"https:\/\/revistaoeste.com\/esporte\/lista-completa-das-selecoes-que-conquistaram-a-copa-do-mundo\/\"  target=\"_blank\" rel=\"noopener noreferrer\">Lista completa das Sele\u00e7\u00f5es que conquistaram a Copa do Mundo<\/a><\/strong><\/p>\n\n\n\n<p class=\"wp-block-paragraph\">O Brasil inicia sua caminhada na Copa do Mundo de 2026 no pr\u00f3ximo s\u00e1bado, quando enfrenta os marroquinos pela primeira rodada do Grupo C. Depois, a equipe ainda ter\u00e1 pela frente Haiti e Esc\u00f3cia na fase de grupos.<\/p>\n\n\n\n<p class=\"wp-block-paragraph\"><\/p>\n","protected":false},"excerpt":{"rendered":"<p>A prepara\u00e7\u00e3o da Sele\u00e7\u00e3o Brasileira para a estreia na Copa do Mundo de 2026 teve um clima diferente nesta ter\u00e7a-feira, 10. Al\u00e9m&hellip;<\/p>\n","protected":false},"author":5,"featured_media":4668,"comment_status":"open","ping_status":"open","sticky":false,"template":"","format":"standard","meta":{"footnotes":""},"categories":[7,3,8],"tags":[34,23,75,44,29,172,42,1944],"class_list":["post-4658","post","type-post","status-publish","format-standard","has-post-thumbnail","hentry","category-copa-sem-firula","category-selecao-brasileira","category-ultimas-noticias","tag-brasil","tag-copa-do-mundo","tag-copa-do-mundo-2026","tag-fifa","tag-futebol","tag-selecao","tag-selecao-brasileira","tag-spike-lee"],"yoast_head":"<!-- This site is optimized with the Yoast SEO plugin v28.0 - https:\/\/yoast.com\/product\/yoast-seo-wordpress\/ -->\n<title>Anivers\u00e1rio de Ancelotti e Spike Lee marcam treino do Brasil<\/title>\n<meta name=\"description\" content=\"O treinamento foi marcado pelas comemora\u00e7\u00f5es do anivers\u00e1rio de Carlo Ancelotti e pela presen\u00e7a ilustre do cineasta norte-americano Spike Lee.\" \/>\n<meta name=\"robots\" content=\"index, follow, max-snippet:-1, max-image-preview:large, max-video-preview:-1\" \/>\n<link rel=\"canonical\" href=\"https:\/\/revistaoeste.com\/esporte\/aniversario-de-ancelotti-e-visita-de-spike-lee-marcam-treino-da-selecao-brasileira\/\" \/>\n<meta property=\"og:locale\" content=\"pt_BR\" \/>\n<meta property=\"og:type\" content=\"article\" \/>\n<meta property=\"og:title\" content=\"Anivers\u00e1rio de Ancelotti e visita de Spike Lee marcam treino da Sele\u00e7\u00e3o Brasileira\" \/>\n<meta property=\"og:description\" content=\"A prepara\u00e7\u00e3o da Sele\u00e7\u00e3o Brasileira para a estreia na Copa do Mundo de 2026 teve um clima diferente nesta ter\u00e7a-feira, 10. Al\u00e9m dos ajustes finais para o confronto contra o Marrocos, o treinamento foi marcado pelas comemora\u00e7\u00f5es do anivers\u00e1rio de Carlo Ancelotti e pela presen\u00e7a ilustre do cineasta norte-americano Spike Lee.\" \/>\n<meta property=\"og:url\" content=\"https:\/\/revistaoeste.com\/esporte\/aniversario-de-ancelotti-e-visita-de-spike-lee-marcam-treino-da-selecao-brasileira\/\" \/>\n<meta property=\"og:site_name\" content=\"Oeste Esporte\" \/>\n<meta property=\"article:publisher\" content=\"https:\/\/www.facebook.com\/oesterevista\/\" \/>\n<meta property=\"article:published_time\" content=\"2026-06-10T19:48:57+00:00\" \/>\n<meta property=\"article:modified_time\" content=\"2026-06-10T22:27:52+00:00\" \/>\n<meta property=\"og:image\" content=\"https:\/\/revistaoeste.com\/esporte\/wp-content\/uploads\/2026\/06\/spike-lee.png\" \/>\n\t<meta property=\"og:image:width\" content=\"640\" \/>\n\t<meta property=\"og:image:height\" content=\"426\" \/>\n\t<meta property=\"og:image:type\" content=\"image\/png\" \/>\n<meta name=\"author\" content=\"Oeste Esporte\" \/>\n<meta name=\"twitter:card\" content=\"summary_large_image\" \/>\n<meta name=\"twitter:title\" content=\"Anivers\u00e1rio de Ancelotti e visita de Spike Lee marcam treino da Sele\u00e7\u00e3o Brasileira\" \/>\n<meta name=\"twitter:description\" content=\"A prepara\u00e7\u00e3o da Sele\u00e7\u00e3o Brasileira para a estreia na Copa do Mundo de 2026 teve um clima diferente nesta ter\u00e7a-feira, 10. Al\u00e9m dos ajustes finais para o confronto contra o Marrocos, o treinamento foi marcado pelas comemora\u00e7\u00f5es do anivers\u00e1rio de Carlo Ancelotti e pela presen\u00e7a ilustre do cineasta norte-americano Spike Lee.\" \/>\n<meta name=\"twitter:image\" content=\"https:\/\/revistaoeste.com\/esporte\/wp-content\/uploads\/2026\/06\/spike-lee.png\" \/>\n<meta name=\"twitter:creator\" content=\"@revistaoeste\" \/>\n<meta name=\"twitter:site\" content=\"@revistaoeste\" \/>\n<meta name=\"twitter:label1\" content=\"Escrito por\" \/>\n\t<meta name=\"twitter:data1\" content=\"Oeste Esporte\" \/>\n\t<meta name=\"twitter:label2\" content=\"Est. tempo de leitura\" \/>\n\t<meta name=\"twitter:data2\" content=\"3 minutos\" \/>\n<script type=\"application\/ld+json\" class=\"yoast-schema-graph\">{\"@context\":\"https:\\\/\\\/schema.org\",\"@graph\":[{\"@type\":\"Article\",\"@id\":\"https:\\\/\\\/revistaoeste.com\\\/esporte\\\/aniversario-de-ancelotti-e-visita-de-spike-lee-marcam-treino-da-selecao-brasileira\\\/#article\",\"isPartOf\":{\"@id\":\"https:\\\/\\\/revistaoeste.com\\\/esporte\\\/aniversario-de-ancelotti-e-visita-de-spike-lee-marcam-treino-da-selecao-brasileira\\\/\"},\"author\":{\"name\":\"Oeste Esporte\",\"@id\":\"https:\\\/\\\/revistaoeste.com\\\/esporte\\\/#\\\/schema\\\/person\\\/6622e4d5d99a35adf0de88128e8d66a9\"},\"headline\":\"Spike Lee acompanha treino e v\u00ea ancelotti levar &#8216;trote&#8217; no anivers\u00e1rio\",\"datePublished\":\"2026-06-10T19:48:57+00:00\",\"dateModified\":\"2026-06-10T22:27:52+00:00\",\"mainEntityOfPage\":{\"@id\":\"https:\\\/\\\/revistaoeste.com\\\/esporte\\\/aniversario-de-ancelotti-e-visita-de-spike-lee-marcam-treino-da-selecao-brasileira\\\/\"},\"wordCount\":503,\"commentCount\":2,\"publisher\":{\"@id\":\"https:\\\/\\\/revistaoeste.com\\\/esporte\\\/#organization\"},\"image\":{\"@id\":\"https:\\\/\\\/revistaoeste.com\\\/esporte\\\/aniversario-de-ancelotti-e-visita-de-spike-lee-marcam-treino-da-selecao-brasileira\\\/#primaryimage\"},\"thumbnailUrl\":\"https:\\\/\\\/revistaoeste.com\\\/esporte\\\/wp-content\\\/uploads\\\/2026\\\/06\\\/spike-lee.png\",\"keywords\":[\"Brasil\",\"Copa do Mundo\",\"Copa do Mundo 2026\",\"FIFA\",\"futebol\",\"sele\u00e7\u00e3o\",\"sele\u00e7\u00e3o brasileira\",\"spike lee\"],\"articleSection\":[\"Copa sem Firula\",\"Sele\u00e7\u00e3o Brasileira\",\"\u00daltimas Not\u00edcias\"],\"inLanguage\":\"pt-BR\",\"potentialAction\":[{\"@type\":\"CommentAction\",\"name\":\"Comment\",\"target\":[\"https:\\\/\\\/revistaoeste.com\\\/esporte\\\/aniversario-de-ancelotti-e-visita-de-spike-lee-marcam-treino-da-selecao-brasileira\\\/#respond\"]}]},{\"@type\":\"WebPage\",\"@id\":\"https:\\\/\\\/revistaoeste.com\\\/esporte\\\/aniversario-de-ancelotti-e-visita-de-spike-lee-marcam-treino-da-selecao-brasileira\\\/\",\"url\":\"https:\\\/\\\/revistaoeste.com\\\/esporte\\\/aniversario-de-ancelotti-e-visita-de-spike-lee-marcam-treino-da-selecao-brasileira\\\/\",\"name\":\"Anivers\u00e1rio de Ancelotti e Spike Lee marcam treino do Brasil\",\"isPartOf\":{\"@id\":\"https:\\\/\\\/revistaoeste.com\\\/esporte\\\/#website\"},\"primaryImageOfPage\":{\"@id\":\"https:\\\/\\\/revistaoeste.com\\\/esporte\\\/aniversario-de-ancelotti-e-visita-de-spike-lee-marcam-treino-da-selecao-brasileira\\\/#primaryimage\"},\"image\":{\"@id\":\"https:\\\/\\\/revistaoeste.com\\\/esporte\\\/aniversario-de-ancelotti-e-visita-de-spike-lee-marcam-treino-da-selecao-brasileira\\\/#primaryimage\"},\"thumbnailUrl\":\"https:\\\/\\\/revistaoeste.com\\\/esporte\\\/wp-content\\\/uploads\\\/2026\\\/06\\\/spike-lee.png\",\"datePublished\":\"2026-06-10T19:48:57+00:00\",\"dateModified\":\"2026-06-10T22:27:52+00:00\",\"description\":\"O treinamento foi marcado pelas comemora\u00e7\u00f5es do anivers\u00e1rio de Carlo Ancelotti e pela presen\u00e7a ilustre do cineasta norte-americano Spike Lee.\",\"breadcrumb\":{\"@id\":\"https:\\\/\\\/revistaoeste.com\\\/esporte\\\/aniversario-de-ancelotti-e-visita-de-spike-lee-marcam-treino-da-selecao-brasileira\\\/#breadcrumb\"},\"inLanguage\":\"pt-BR\",\"potentialAction\":[{\"@type\":\"ReadAction\",\"target\":[\"https:\\\/\\\/revistaoeste.com\\\/esporte\\\/aniversario-de-ancelotti-e-visita-de-spike-lee-marcam-treino-da-selecao-brasileira\\\/\"]}]},{\"@type\":\"ImageObject\",\"inLanguage\":\"pt-BR\",\"@id\":\"https:\\\/\\\/revistaoeste.com\\\/esporte\\\/aniversario-de-ancelotti-e-visita-de-spike-lee-marcam-treino-da-selecao-brasileira\\\/#primaryimage\",\"url\":\"https:\\\/\\\/revistaoeste.com\\\/esporte\\\/wp-content\\\/uploads\\\/2026\\\/06\\\/spike-lee.png\",\"contentUrl\":\"https:\\\/\\\/revistaoeste.com\\\/esporte\\\/wp-content\\\/uploads\\\/2026\\\/06\\\/spike-lee.png\",\"width\":640,\"height\":426,\"caption\":\"Spike Lee acompanha treino da Sele\u00e7\u00e3o | Foto: Reprodu\u00e7\u00e3o\\\/Instagram\"},{\"@type\":\"BreadcrumbList\",\"@id\":\"https:\\\/\\\/revistaoeste.com\\\/esporte\\\/aniversario-de-ancelotti-e-visita-de-spike-lee-marcam-treino-da-selecao-brasileira\\\/#breadcrumb\",\"itemListElement\":[{\"@type\":\"ListItem\",\"position\":1,\"name\":\"In\u00edcio\",\"item\":\"https:\\\/\\\/revistaoeste.com\\\/esporte\\\/\"},{\"@type\":\"ListItem\",\"position\":2,\"name\":\"Spike Lee acompanha treino e v\u00ea ancelotti levar &#8216;trote&#8217; no anivers\u00e1rio\"}]},{\"@type\":\"WebSite\",\"@id\":\"https:\\\/\\\/revistaoeste.com\\\/esporte\\\/#website\",\"url\":\"https:\\\/\\\/revistaoeste.com\\\/esporte\\\/\",\"name\":\"Oeste Esporte\",\"description\":\"Copa sem Firula\",\"publisher\":{\"@id\":\"https:\\\/\\\/revistaoeste.com\\\/esporte\\\/#organization\"},\"potentialAction\":[{\"@type\":\"SearchAction\",\"target\":{\"@type\":\"EntryPoint\",\"urlTemplate\":\"https:\\\/\\\/revistaoeste.com\\\/esporte\\\/?s={search_term_string}\"},\"query-input\":{\"@type\":\"PropertyValueSpecification\",\"valueRequired\":true,\"valueName\":\"search_term_string\"}}],\"inLanguage\":\"pt-BR\"},{\"@type\":\"Organization\",\"@id\":\"https:\\\/\\\/revistaoeste.com\\\/esporte\\\/#organization\",\"name\":\"Oeste Esporte\",\"url\":\"https:\\\/\\\/revistaoeste.com\\\/esporte\\\/\",\"logo\":{\"@type\":\"ImageObject\",\"inLanguage\":\"pt-BR\",\"@id\":\"https:\\\/\\\/revistaoeste.com\\\/esporte\\\/#\\\/schema\\\/logo\\\/image\\\/\",\"url\":\"https:\\\/\\\/revistaoeste.com\\\/esporte\\\/wp-content\\\/uploads\\\/2026\\\/03\\\/avatar.jpg\",\"contentUrl\":\"https:\\\/\\\/revistaoeste.com\\\/esporte\\\/wp-content\\\/uploads\\\/2026\\\/03\\\/avatar.jpg\",\"width\":500,\"height\":500,\"caption\":\"Oeste Esporte\"},\"image\":{\"@id\":\"https:\\\/\\\/revistaoeste.com\\\/esporte\\\/#\\\/schema\\\/logo\\\/image\\\/\"},\"sameAs\":[\"https:\\\/\\\/www.facebook.com\\\/oesterevista\\\/\",\"https:\\\/\\\/x.com\\\/revistaoeste\",\"https:\\\/\\\/www.youtube.com\\\/@OesteEsporte\",\"https:\\\/\\\/www.instagram.com\\\/revistaoeste\\\/\"]},{\"@type\":\"Person\",\"@id\":\"https:\\\/\\\/revistaoeste.com\\\/esporte\\\/#\\\/schema\\\/person\\\/6622e4d5d99a35adf0de88128e8d66a9\",\"name\":\"Oeste Esporte\",\"image\":{\"@type\":\"ImageObject\",\"inLanguage\":\"pt-BR\",\"@id\":\"https:\\\/\\\/secure.gravatar.com\\\/avatar\\\/8a2c5501fe5eb922c6c1838ad6a759fe758ecb18b48e36083e67f353c16e08ac?s=96&d=mm&r=g\",\"url\":\"https:\\\/\\\/secure.gravatar.com\\\/avatar\\\/8a2c5501fe5eb922c6c1838ad6a759fe758ecb18b48e36083e67f353c16e08ac?s=96&d=mm&r=g\",\"contentUrl\":\"https:\\\/\\\/secure.gravatar.com\\\/avatar\\\/8a2c5501fe5eb922c6c1838ad6a759fe758ecb18b48e36083e67f353c16e08ac?s=96&d=mm&r=g\",\"caption\":\"Oeste Esporte\"},\"url\":\"https:\\\/\\\/www.revistaoeste.com\\\/esporte\\\/author\\\/felipebellirevistaoeste-com\\\/\"}]}<\/script>\n<!-- \/ Yoast SEO plugin. -->","yoast_head_json":{"title":"Anivers\u00e1rio de Ancelotti e Spike Lee marcam treino do Brasil","description":"O treinamento foi marcado pelas comemora\u00e7\u00f5es do anivers\u00e1rio de Carlo Ancelotti e pela presen\u00e7a ilustre do cineasta norte-americano Spike Lee.","robots":{"index":"index","follow":"follow","max-snippet":"max-snippet:-1","max-image-preview":"max-image-preview:large","max-video-preview":"max-video-preview:-1"},"canonical":"https:\/\/revistaoeste.com\/esporte\/aniversario-de-ancelotti-e-visita-de-spike-lee-marcam-treino-da-selecao-brasileira\/","og_locale":"pt_BR","og_type":"article","og_title":"Anivers\u00e1rio de Ancelotti e visita de Spike Lee marcam treino da Sele\u00e7\u00e3o Brasileira","og_description":"A prepara\u00e7\u00e3o da Sele\u00e7\u00e3o Brasileira para a estreia na Copa do Mundo de 2026 teve um clima diferente nesta ter\u00e7a-feira, 10. Al\u00e9m dos ajustes finais para o confronto contra o Marrocos, o treinamento foi marcado pelas comemora\u00e7\u00f5es do anivers\u00e1rio de Carlo Ancelotti e pela presen\u00e7a ilustre do cineasta norte-americano Spike Lee.","og_url":"https:\/\/revistaoeste.com\/esporte\/aniversario-de-ancelotti-e-visita-de-spike-lee-marcam-treino-da-selecao-brasileira\/","og_site_name":"Oeste Esporte","article_publisher":"https:\/\/www.facebook.com\/oesterevista\/","article_published_time":"2026-06-10T19:48:57+00:00","article_modified_time":"2026-06-10T22:27:52+00:00","og_image":[{"width":640,"height":426,"url":"https:\/\/revistaoeste.com\/esporte\/wp-content\/uploads\/2026\/06\/spike-lee.png","type":"image\/png"}],"author":"Oeste Esporte","twitter_card":"summary_large_image","twitter_title":"Anivers\u00e1rio de Ancelotti e visita de Spike Lee marcam treino da Sele\u00e7\u00e3o Brasileira","twitter_description":"A prepara\u00e7\u00e3o da Sele\u00e7\u00e3o Brasileira para a estreia na Copa do Mundo de 2026 teve um clima diferente nesta ter\u00e7a-feira, 10. Al\u00e9m dos ajustes finais para o confronto contra o Marrocos, o treinamento foi marcado pelas comemora\u00e7\u00f5es do anivers\u00e1rio de Carlo Ancelotti e pela presen\u00e7a ilustre do cineasta norte-americano Spike Lee.","twitter_image":"https:\/\/revistaoeste.com\/esporte\/wp-content\/uploads\/2026\/06\/spike-lee.png","twitter_creator":"@revistaoeste","twitter_site":"@revistaoeste","twitter_misc":{"Escrito por":"Oeste Esporte","Est. tempo de leitura":"3 minutos"},"schema":{"@context":"https:\/\/schema.org","@graph":[{"@type":"Article","@id":"https:\/\/revistaoeste.com\/esporte\/aniversario-de-ancelotti-e-visita-de-spike-lee-marcam-treino-da-selecao-brasileira\/#article","isPartOf":{"@id":"https:\/\/revistaoeste.com\/esporte\/aniversario-de-ancelotti-e-visita-de-spike-lee-marcam-treino-da-selecao-brasileira\/"},"author":{"name":"Oeste Esporte","@id":"https:\/\/revistaoeste.com\/esporte\/#\/schema\/person\/6622e4d5d99a35adf0de88128e8d66a9"},"headline":"Spike Lee acompanha treino e v\u00ea ancelotti levar &#8216;trote&#8217; no anivers\u00e1rio","datePublished":"2026-06-10T19:48:57+00:00","dateModified":"2026-06-10T22:27:52+00:00","mainEntityOfPage":{"@id":"https:\/\/revistaoeste.com\/esporte\/aniversario-de-ancelotti-e-visita-de-spike-lee-marcam-treino-da-selecao-brasileira\/"},"wordCount":503,"commentCount":2,"publisher":{"@id":"https:\/\/revistaoeste.com\/esporte\/#organization"},"image":{"@id":"https:\/\/revistaoeste.com\/esporte\/aniversario-de-ancelotti-e-visita-de-spike-lee-marcam-treino-da-selecao-brasileira\/#primaryimage"},"thumbnailUrl":"https:\/\/revistaoeste.com\/esporte\/wp-content\/uploads\/2026\/06\/spike-lee.png","keywords":["Brasil","Copa do Mundo","Copa do Mundo 2026","FIFA","futebol","sele\u00e7\u00e3o","sele\u00e7\u00e3o brasileira","spike lee"],"articleSection":["Copa sem Firula","Sele\u00e7\u00e3o Brasileira","\u00daltimas Not\u00edcias"],"inLanguage":"pt-BR","potentialAction":[{"@type":"CommentAction","name":"Comment","target":["https:\/\/revistaoeste.com\/esporte\/aniversario-de-ancelotti-e-visita-de-spike-lee-marcam-treino-da-selecao-brasileira\/#respond"]}]},{"@type":"WebPage","@id":"https:\/\/revistaoeste.com\/esporte\/aniversario-de-ancelotti-e-visita-de-spike-lee-marcam-treino-da-selecao-brasileira\/","url":"https:\/\/revistaoeste.com\/esporte\/aniversario-de-ancelotti-e-visita-de-spike-lee-marcam-treino-da-selecao-brasileira\/","name":"Anivers\u00e1rio de Ancelotti e Spike Lee marcam treino do Brasil","isPartOf":{"@id":"https:\/\/revistaoeste.com\/esporte\/#website"},"primaryImageOfPage":{"@id":"https:\/\/revistaoeste.com\/esporte\/aniversario-de-ancelotti-e-visita-de-spike-lee-marcam-treino-da-selecao-brasileira\/#primaryimage"},"image":{"@id":"https:\/\/revistaoeste.com\/esporte\/aniversario-de-ancelotti-e-visita-de-spike-lee-marcam-treino-da-selecao-brasileira\/#primaryimage"},"thumbnailUrl":"https:\/\/revistaoeste.com\/esporte\/wp-content\/uploads\/2026\/06\/spike-lee.png","datePublished":"2026-06-10T19:48:57+00:00","dateModified":"2026-06-10T22:27:52+00:00","description":"O treinamento foi marcado pelas comemora\u00e7\u00f5es do anivers\u00e1rio de Carlo Ancelotti e pela presen\u00e7a ilustre do cineasta norte-americano Spike Lee.","breadcrumb":{"@id":"https:\/\/revistaoeste.com\/esporte\/aniversario-de-ancelotti-e-visita-de-spike-lee-marcam-treino-da-selecao-brasileira\/#breadcrumb"},"inLanguage":"pt-BR","potentialAction":[{"@type":"ReadAction","target":["https:\/\/revistaoeste.com\/esporte\/aniversario-de-ancelotti-e-visita-de-spike-lee-marcam-treino-da-selecao-brasileira\/"]}]},{"@type":"ImageObject","inLanguage":"pt-BR","@id":"https:\/\/revistaoeste.com\/esporte\/aniversario-de-ancelotti-e-visita-de-spike-lee-marcam-treino-da-selecao-brasileira\/#primaryimage","url":"https:\/\/revistaoeste.com\/esporte\/wp-content\/uploads\/2026\/06\/spike-lee.png","contentUrl":"https:\/\/revistaoeste.com\/esporte\/wp-content\/uploads\/2026\/06\/spike-lee.png","width":640,"height":426,"caption":"Spike Lee acompanha treino da Sele\u00e7\u00e3o | Foto: Reprodu\u00e7\u00e3o\/Instagram"},{"@type":"BreadcrumbList","@id":"https:\/\/revistaoeste.com\/esporte\/aniversario-de-ancelotti-e-visita-de-spike-lee-marcam-treino-da-selecao-brasileira\/#breadcrumb","itemListElement":[{"@type":"ListItem","position":1,"name":"In\u00edcio","item":"https:\/\/revistaoeste.com\/esporte\/"},{"@type":"ListItem","position":2,"name":"Spike Lee acompanha treino e v\u00ea ancelotti levar &#8216;trote&#8217; no anivers\u00e1rio"}]},{"@type":"WebSite","@id":"https:\/\/revistaoeste.com\/esporte\/#website","url":"https:\/\/revistaoeste.com\/esporte\/","name":"Oeste Esporte","description":"Copa sem Firula","publisher":{"@id":"https:\/\/revistaoeste.com\/esporte\/#organization"},"potentialAction":[{"@type":"SearchAction","target":{"@type":"EntryPoint","urlTemplate":"https:\/\/revistaoeste.com\/esporte\/?s={search_term_string}"},"query-input":{"@type":"PropertyValueSpecification","valueRequired":true,"valueName":"search_term_string"}}],"inLanguage":"pt-BR"},{"@type":"Organization","@id":"https:\/\/revistaoeste.com\/esporte\/#organization","name":"Oeste Esporte","url":"https:\/\/revistaoeste.com\/esporte\/","logo":{"@type":"ImageObject","inLanguage":"pt-BR","@id":"https:\/\/revistaoeste.com\/esporte\/#\/schema\/logo\/image\/","url":"https:\/\/revistaoeste.com\/esporte\/wp-content\/uploads\/2026\/03\/avatar.jpg","contentUrl":"https:\/\/revistaoeste.com\/esporte\/wp-content\/uploads\/2026\/03\/avatar.jpg","width":500,"height":500,"caption":"Oeste Esporte"},"image":{"@id":"https:\/\/revistaoeste.com\/esporte\/#\/schema\/logo\/image\/"},"sameAs":["https:\/\/www.facebook.com\/oesterevista\/","https:\/\/x.com\/revistaoeste","https:\/\/www.youtube.com\/@OesteEsporte","https:\/\/www.instagram.com\/revistaoeste\/"]},{"@type":"Person","@id":"https:\/\/revistaoeste.com\/esporte\/#\/schema\/person\/6622e4d5d99a35adf0de88128e8d66a9","name":"Oeste Esporte","image":{"@type":"ImageObject","inLanguage":"pt-BR","@id":"https:\/\/secure.gravatar.com\/avatar\/8a2c5501fe5eb922c6c1838ad6a759fe758ecb18b48e36083e67f353c16e08ac?s=96&d=mm&r=g","url":"https:\/\/secure.gravatar.com\/avatar\/8a2c5501fe5eb922c6c1838ad6a759fe758ecb18b48e36083e67f353c16e08ac?s=96&d=mm&r=g","contentUrl":"https:\/\/secure.gravatar.com\/avatar\/8a2c5501fe5eb922c6c1838ad6a759fe758ecb18b48e36083e67f353c16e08ac?s=96&d=mm&r=g","caption":"Oeste Esporte"},"url":"https:\/\/www.revistaoeste.com\/esporte\/author\/felipebellirevistaoeste-com\/"}]}},"_links":{"self":[{"href":"https:\/\/www.revistaoeste.com\/esporte\/wp-json\/wp\/v2\/posts\/4658","targetHints":{"allow":["GET"]}}],"collection":[{"href":"https:\/\/www.revistaoeste.com\/esporte\/wp-json\/wp\/v2\/posts"}],"about":[{"href":"https:\/\/www.revistaoeste.com\/esporte\/wp-json\/wp\/v2\/types\/post"}],"author":[{"embeddable":true,"href":"https:\/\/www.revistaoeste.com\/esporte\/wp-json\/wp\/v2\/users\/5"}],"replies":[{"embeddable":true,"href":"https:\/\/www.revistaoeste.com\/esporte\/wp-json\/wp\/v2\/comments?post=4658"}],"version-history":[{"count":5,"href":"https:\/\/www.revistaoeste.com\/esporte\/wp-json\/wp\/v2\/posts\/4658\/revisions"}],"predecessor-version":[{"id":4741,"href":"https:\/\/www.revistaoeste.com\/esporte\/wp-json\/wp\/v2\/posts\/4658\/revisions\/4741"}],"wp:featuredmedia":[{"embeddable":true,"href":"https:\/\/www.revistaoeste.com\/esporte\/wp-json\/wp\/v2\/media\/4668"}],"wp:attachment":[{"href":"https:\/\/www.revistaoeste.com\/esporte\/wp-json\/wp\/v2\/media?parent=4658"}],"wp:term":[{"taxonomy":"category","embeddable":true,"href":"https:\/\/www.revistaoeste.com\/esporte\/wp-json\/wp\/v2\/categories?post=4658"},{"taxonomy":"post_tag","embeddable":true,"href":"https:\/\/www.revistaoeste.com\/esporte\/wp-json\/wp\/v2\/tags?post=4658"}],"curies":[{"name":"wp","href":"https:\/\/api.w.org\/{rel}","templated":true}]}}