{"id":12608,"date":"2026-07-21T17:00:00","date_gmt":"2026-07-21T20:00:00","guid":{"rendered":"https:\/\/revistaoeste.com\/esporte\/?p=12608"},"modified":"2026-07-21T14:46:56","modified_gmt":"2026-07-21T17:46:56","slug":"anthony-taylor-anuncia-aposentadoria-e-encerra-carreira-com-mais-de-20-anos-na-arbitragem","status":"publish","type":"post","link":"https:\/\/www.revistaoeste.com\/esporte\/anthony-taylor-anuncia-aposentadoria-e-encerra-carreira-com-mais-de-20-anos-na-arbitragem\/","title":{"rendered":"Anthony Taylor anuncia aposentadoria e encerra carreira COM mais de 20 anos na arbitragem"},"content":{"rendered":"\n<p class=\"wp-block-paragraph\">Um dos \u00e1rbitros mais conhecidos do futebol mundial est\u00e1 deixando os gramados. O ingl\u00eas Anthony Taylor, de 47 anos, anunciou nesta ter\u00e7a-feira, 21, sua aposentadoria da arbitragem profissional, colocando fim a uma carreira de mais de duas d\u00e9cadas no mais alto n\u00edvel do esporte. Seu \u00faltimo compromisso foi a vit\u00f3ria da Espanha por 1 a 0 sobre Portugal, pelas oitavas de final da Copa do Mundo de 2026.<\/p>\n\n\n\n<p class=\"wp-block-paragraph\"><strong>+ Leia mais not\u00edcias de&nbsp;<a  href=\"https:\/\/revistaoeste.com\/esporte\/\"  target=\"_blank\" rel=\"noopener noreferrer\">Oeste Esporte<\/a><\/strong><\/p>\n\n\n\n<p class=\"wp-block-paragraph\">Ao longo da carreira, Taylor apitou 831 partidas, sendo 432 jogos da Premier League em 16 temporadas na principal divis\u00e3o inglesa. Integrante do quadro de \u00e1rbitros da FIFA por 14 anos, ele tamb\u00e9m esteve presente em duas edi\u00e7\u00f5es da Copa do Mundo (2022 e 2026), duas Eurocopas (2020 e 2024) e dois Mundiais de Clubes da FIFA (2022 e 2025).<\/p>\n\n\n\n<p class=\"wp-block-paragraph\">No futebol ingl\u00eas, o \u00e1rbitro construiu um curr\u00edculo de destaque. Ele comandou todas as principais decis\u00f5es nacionais, incluindo as finais da FA Cup de 2017 e 2020, a final da Copa da Liga Inglesa de 2015, a Supercopa da Inglaterra no mesmo ano e a decis\u00e3o dos playoffs de acesso \u00e0 Premier League em 2018.<\/p>\n\n\n\n<p class=\"wp-block-paragraph\">Em comunicado divulgado pela PGMOL (entidade respons\u00e1vel pela arbitragem inglesa), Taylor explicou os motivos que o levaram a encerrar a carreira.<\/p>\n\n\n\n<blockquote class=\"wp-block-quote is-layout-flow wp-block-quote-is-layout-flow\">\n<p class=\"wp-block-paragraph\">&#8220;Apitar no mais alto n\u00edvel foi um enorme privil\u00e9gio, mas a press\u00e3o \u00e9 intensa e o escrut\u00ednio \u00e9 constante. Chegou o momento certo de dar um passo para o lado e iniciar um novo cap\u00edtulo da minha carreira.&#8221;<\/p>\n<\/blockquote>\n\n\n\n<p class=\"wp-block-paragraph\">O chefe da arbitragem inglesa, Howard Webb, tamb\u00e9m homenageou o veterano, classificando Taylor como um dos melhores \u00e1rbitros de sua gera\u00e7\u00e3o e destacando sua influ\u00eancia dentro e fora dos gramados, tanto pela qualidade t\u00e9cnica quanto pelo papel de mentor para os \u00e1rbitros mais jovens.<\/p>\n\n\n\n<p class=\"wp-block-paragraph\">Apesar da trajet\u00f3ria marcada por grandes competi\u00e7\u00f5es e decis\u00f5es importantes, Anthony Taylor tamb\u00e9m esteve frequentemente no centro de debates envolvendo lances pol\u00eamicos, principalmente na Premier League e em torneios europeus. Ainda assim, encerra a carreira como um dos \u00e1rbitros ingleses mais experientes e respeitados da era moderna, deixando um legado de mais de 20 anos dedicados \u00e0 arbitragem de elite.<\/p>\n","protected":false},"excerpt":{"rendered":"<p>Um dos \u00e1rbitros mais conhecidos do futebol mundial est\u00e1 deixando os gramados. O ingl\u00eas Anthony Taylor, de 47 anos, anunciou nesta ter\u00e7a-feira,&hellip;<\/p>\n","protected":false},"author":5,"featured_media":12609,"comment_status":"open","ping_status":"open","sticky":false,"template":"","format":"standard","meta":{"footnotes":""},"categories":[8],"tags":[110,3939,1765,23,44,29,914],"class_list":["post-12608","post","type-post","status-publish","format-standard","has-post-thumbnail","hentry","category-ultimas-noticias","tag-110","tag-anthony-taylor","tag-arbitro-2","tag-copa-do-mundo","tag-fifa","tag-futebol","tag-premier-league"],"yoast_head":"<!-- This site is optimized with the Yoast SEO plugin v28.0 - https:\/\/yoast.com\/product\/yoast-seo-wordpress\/ -->\n<title>Anthony Taylor anuncia aposentadoria e encerra carreira de ju\u00edz<\/title>\n<meta name=\"description\" content=\"O ingl\u00eas Anthony Taylor, de 47 anos, anunciou sua aposentadoria da arbitragem profissional, colocando fim a uma carreira de mais de duas d\u00e9cadas\" \/>\n<meta name=\"robots\" content=\"index, follow, max-snippet:-1, max-image-preview:large, max-video-preview:-1\" \/>\n<link rel=\"canonical\" href=\"https:\/\/www.revistaoeste.com\/esporte\/anthony-taylor-anuncia-aposentadoria-e-encerra-carreira-com-mais-de-20-anos-na-arbitragem\/\" \/>\n<meta property=\"og:locale\" content=\"pt_BR\" \/>\n<meta property=\"og:type\" content=\"article\" \/>\n<meta property=\"og:title\" content=\"Anthony Taylor anuncia aposentadoria e encerra carreira de ju\u00edz\" \/>\n<meta property=\"og:description\" content=\"O ingl\u00eas Anthony Taylor, de 47 anos, anunciou sua aposentadoria da arbitragem profissional, colocando fim a uma carreira de mais de duas d\u00e9cadas\" \/>\n<meta property=\"og:url\" content=\"https:\/\/www.revistaoeste.com\/esporte\/anthony-taylor-anuncia-aposentadoria-e-encerra-carreira-com-mais-de-20-anos-na-arbitragem\/\" \/>\n<meta property=\"og:site_name\" content=\"Oeste Esporte\" \/>\n<meta property=\"article:publisher\" content=\"https:\/\/www.facebook.com\/oesterevista\/\" \/>\n<meta property=\"article:published_time\" content=\"2026-07-21T20:00:00+00:00\" \/>\n<meta property=\"og:image\" content=\"https:\/\/revistaoeste.com\/esporte\/wp-content\/uploads\/2026\/07\/ANTHONY-TAYLOR.jpg\" \/>\n\t<meta property=\"og:image:width\" content=\"640\" \/>\n\t<meta property=\"og:image:height\" content=\"359\" \/>\n\t<meta property=\"og:image:type\" content=\"image\/jpeg\" \/>\n<meta name=\"author\" content=\"Oeste Esporte\" \/>\n<meta name=\"twitter:card\" content=\"summary_large_image\" \/>\n<meta name=\"twitter:creator\" content=\"@revistaoeste\" \/>\n<meta name=\"twitter:site\" content=\"@revistaoeste\" \/>\n<meta name=\"twitter:label1\" content=\"Escrito por\" \/>\n\t<meta name=\"twitter:data1\" content=\"Oeste Esporte\" \/>\n\t<meta name=\"twitter:label2\" content=\"Est. tempo de leitura\" \/>\n\t<meta name=\"twitter:data2\" content=\"2 minutos\" \/>\n<script type=\"application\/ld+json\" class=\"yoast-schema-graph\">{\"@context\":\"https:\\\/\\\/schema.org\",\"@graph\":[{\"@type\":\"Article\",\"@id\":\"https:\\\/\\\/www.revistaoeste.com\\\/esporte\\\/anthony-taylor-anuncia-aposentadoria-e-encerra-carreira-com-mais-de-20-anos-na-arbitragem\\\/#article\",\"isPartOf\":{\"@id\":\"https:\\\/\\\/www.revistaoeste.com\\\/esporte\\\/anthony-taylor-anuncia-aposentadoria-e-encerra-carreira-com-mais-de-20-anos-na-arbitragem\\\/\"},\"author\":{\"name\":\"Oeste Esporte\",\"@id\":\"https:\\\/\\\/www.revistaoeste.com\\\/esporte\\\/#\\\/schema\\\/person\\\/6622e4d5d99a35adf0de88128e8d66a9\"},\"headline\":\"Anthony Taylor anuncia aposentadoria e encerra carreira COM mais de 20 anos na arbitragem\",\"datePublished\":\"2026-07-21T20:00:00+00:00\",\"mainEntityOfPage\":{\"@id\":\"https:\\\/\\\/www.revistaoeste.com\\\/esporte\\\/anthony-taylor-anuncia-aposentadoria-e-encerra-carreira-com-mais-de-20-anos-na-arbitragem\\\/\"},\"wordCount\":370,\"commentCount\":0,\"publisher\":{\"@id\":\"https:\\\/\\\/www.revistaoeste.com\\\/esporte\\\/#organization\"},\"image\":{\"@id\":\"https:\\\/\\\/www.revistaoeste.com\\\/esporte\\\/anthony-taylor-anuncia-aposentadoria-e-encerra-carreira-com-mais-de-20-anos-na-arbitragem\\\/#primaryimage\"},\"thumbnailUrl\":\"https:\\\/\\\/revistaoeste.com\\\/esporte\\\/wp-content\\\/uploads\\\/2026\\\/07\\\/ANTHONY-TAYLOR.jpg\",\"keywords\":[\"2026\",\"Anthony Taylor\",\"arbitro\",\"Copa do Mundo\",\"FIFA\",\"futebol\",\"Premier League\"],\"articleSection\":[\"\u00daltimas Not\u00edcias\"],\"inLanguage\":\"pt-BR\",\"potentialAction\":[{\"@type\":\"CommentAction\",\"name\":\"Comment\",\"target\":[\"https:\\\/\\\/www.revistaoeste.com\\\/esporte\\\/anthony-taylor-anuncia-aposentadoria-e-encerra-carreira-com-mais-de-20-anos-na-arbitragem\\\/#respond\"]}]},{\"@type\":\"WebPage\",\"@id\":\"https:\\\/\\\/www.revistaoeste.com\\\/esporte\\\/anthony-taylor-anuncia-aposentadoria-e-encerra-carreira-com-mais-de-20-anos-na-arbitragem\\\/\",\"url\":\"https:\\\/\\\/www.revistaoeste.com\\\/esporte\\\/anthony-taylor-anuncia-aposentadoria-e-encerra-carreira-com-mais-de-20-anos-na-arbitragem\\\/\",\"name\":\"Anthony Taylor anuncia aposentadoria e encerra carreira de ju\u00edz\",\"isPartOf\":{\"@id\":\"https:\\\/\\\/www.revistaoeste.com\\\/esporte\\\/#website\"},\"primaryImageOfPage\":{\"@id\":\"https:\\\/\\\/www.revistaoeste.com\\\/esporte\\\/anthony-taylor-anuncia-aposentadoria-e-encerra-carreira-com-mais-de-20-anos-na-arbitragem\\\/#primaryimage\"},\"image\":{\"@id\":\"https:\\\/\\\/www.revistaoeste.com\\\/esporte\\\/anthony-taylor-anuncia-aposentadoria-e-encerra-carreira-com-mais-de-20-anos-na-arbitragem\\\/#primaryimage\"},\"thumbnailUrl\":\"https:\\\/\\\/revistaoeste.com\\\/esporte\\\/wp-content\\\/uploads\\\/2026\\\/07\\\/ANTHONY-TAYLOR.jpg\",\"datePublished\":\"2026-07-21T20:00:00+00:00\",\"description\":\"O ingl\u00eas Anthony Taylor, de 47 anos, anunciou sua aposentadoria da arbitragem profissional, colocando fim a uma carreira de mais de duas d\u00e9cadas\",\"breadcrumb\":{\"@id\":\"https:\\\/\\\/www.revistaoeste.com\\\/esporte\\\/anthony-taylor-anuncia-aposentadoria-e-encerra-carreira-com-mais-de-20-anos-na-arbitragem\\\/#breadcrumb\"},\"inLanguage\":\"pt-BR\",\"potentialAction\":[{\"@type\":\"ReadAction\",\"target\":[\"https:\\\/\\\/www.revistaoeste.com\\\/esporte\\\/anthony-taylor-anuncia-aposentadoria-e-encerra-carreira-com-mais-de-20-anos-na-arbitragem\\\/\"]}]},{\"@type\":\"ImageObject\",\"inLanguage\":\"pt-BR\",\"@id\":\"https:\\\/\\\/www.revistaoeste.com\\\/esporte\\\/anthony-taylor-anuncia-aposentadoria-e-encerra-carreira-com-mais-de-20-anos-na-arbitragem\\\/#primaryimage\",\"url\":\"https:\\\/\\\/revistaoeste.com\\\/esporte\\\/wp-content\\\/uploads\\\/2026\\\/07\\\/ANTHONY-TAYLOR.jpg\",\"contentUrl\":\"https:\\\/\\\/revistaoeste.com\\\/esporte\\\/wp-content\\\/uploads\\\/2026\\\/07\\\/ANTHONY-TAYLOR.jpg\",\"width\":640,\"height\":359,\"caption\":\"Anthony Taylor Arbitro com mais 800 jogos apitados | Foto: Reprodu\u00e7\u00e3o\"},{\"@type\":\"BreadcrumbList\",\"@id\":\"https:\\\/\\\/www.revistaoeste.com\\\/esporte\\\/anthony-taylor-anuncia-aposentadoria-e-encerra-carreira-com-mais-de-20-anos-na-arbitragem\\\/#breadcrumb\",\"itemListElement\":[{\"@type\":\"ListItem\",\"position\":1,\"name\":\"In\u00edcio\",\"item\":\"https:\\\/\\\/www.revistaoeste.com\\\/esporte\\\/\"},{\"@type\":\"ListItem\",\"position\":2,\"name\":\"Anthony Taylor anuncia aposentadoria e encerra carreira COM mais de 20 anos na arbitragem\"}]},{\"@type\":\"WebSite\",\"@id\":\"https:\\\/\\\/www.revistaoeste.com\\\/esporte\\\/#website\",\"url\":\"https:\\\/\\\/www.revistaoeste.com\\\/esporte\\\/\",\"name\":\"Oeste Esporte\",\"description\":\"Copa sem Firula\",\"publisher\":{\"@id\":\"https:\\\/\\\/www.revistaoeste.com\\\/esporte\\\/#organization\"},\"potentialAction\":[{\"@type\":\"SearchAction\",\"target\":{\"@type\":\"EntryPoint\",\"urlTemplate\":\"https:\\\/\\\/www.revistaoeste.com\\\/esporte\\\/?s={search_term_string}\"},\"query-input\":{\"@type\":\"PropertyValueSpecification\",\"valueRequired\":true,\"valueName\":\"search_term_string\"}}],\"inLanguage\":\"pt-BR\"},{\"@type\":\"Organization\",\"@id\":\"https:\\\/\\\/www.revistaoeste.com\\\/esporte\\\/#organization\",\"name\":\"Oeste Esporte\",\"url\":\"https:\\\/\\\/www.revistaoeste.com\\\/esporte\\\/\",\"logo\":{\"@type\":\"ImageObject\",\"inLanguage\":\"pt-BR\",\"@id\":\"https:\\\/\\\/www.revistaoeste.com\\\/esporte\\\/#\\\/schema\\\/logo\\\/image\\\/\",\"url\":\"https:\\\/\\\/revistaoeste.com\\\/esporte\\\/wp-content\\\/uploads\\\/2026\\\/03\\\/avatar.jpg\",\"contentUrl\":\"https:\\\/\\\/revistaoeste.com\\\/esporte\\\/wp-content\\\/uploads\\\/2026\\\/03\\\/avatar.jpg\",\"width\":500,\"height\":500,\"caption\":\"Oeste Esporte\"},\"image\":{\"@id\":\"https:\\\/\\\/www.revistaoeste.com\\\/esporte\\\/#\\\/schema\\\/logo\\\/image\\\/\"},\"sameAs\":[\"https:\\\/\\\/www.facebook.com\\\/oesterevista\\\/\",\"https:\\\/\\\/x.com\\\/revistaoeste\",\"https:\\\/\\\/www.youtube.com\\\/@OesteEsporte\",\"https:\\\/\\\/www.instagram.com\\\/revistaoeste\\\/\"]},{\"@type\":\"Person\",\"@id\":\"https:\\\/\\\/www.revistaoeste.com\\\/esporte\\\/#\\\/schema\\\/person\\\/6622e4d5d99a35adf0de88128e8d66a9\",\"name\":\"Oeste Esporte\",\"image\":{\"@type\":\"ImageObject\",\"inLanguage\":\"pt-BR\",\"@id\":\"https:\\\/\\\/secure.gravatar.com\\\/avatar\\\/8a2c5501fe5eb922c6c1838ad6a759fe758ecb18b48e36083e67f353c16e08ac?s=96&d=mm&r=g\",\"url\":\"https:\\\/\\\/secure.gravatar.com\\\/avatar\\\/8a2c5501fe5eb922c6c1838ad6a759fe758ecb18b48e36083e67f353c16e08ac?s=96&d=mm&r=g\",\"contentUrl\":\"https:\\\/\\\/secure.gravatar.com\\\/avatar\\\/8a2c5501fe5eb922c6c1838ad6a759fe758ecb18b48e36083e67f353c16e08ac?s=96&d=mm&r=g\",\"caption\":\"Oeste Esporte\"},\"url\":\"https:\\\/\\\/www.revistaoeste.com\\\/esporte\\\/author\\\/felipebellirevistaoeste-com\\\/\"}]}<\/script>\n<!-- \/ Yoast SEO plugin. -->","yoast_head_json":{"title":"Anthony Taylor anuncia aposentadoria e encerra carreira de ju\u00edz","description":"O ingl\u00eas Anthony Taylor, de 47 anos, anunciou sua aposentadoria da arbitragem profissional, colocando fim a uma carreira de mais de duas d\u00e9cadas","robots":{"index":"index","follow":"follow","max-snippet":"max-snippet:-1","max-image-preview":"max-image-preview:large","max-video-preview":"max-video-preview:-1"},"canonical":"https:\/\/www.revistaoeste.com\/esporte\/anthony-taylor-anuncia-aposentadoria-e-encerra-carreira-com-mais-de-20-anos-na-arbitragem\/","og_locale":"pt_BR","og_type":"article","og_title":"Anthony Taylor anuncia aposentadoria e encerra carreira de ju\u00edz","og_description":"O ingl\u00eas Anthony Taylor, de 47 anos, anunciou sua aposentadoria da arbitragem profissional, colocando fim a uma carreira de mais de duas d\u00e9cadas","og_url":"https:\/\/www.revistaoeste.com\/esporte\/anthony-taylor-anuncia-aposentadoria-e-encerra-carreira-com-mais-de-20-anos-na-arbitragem\/","og_site_name":"Oeste Esporte","article_publisher":"https:\/\/www.facebook.com\/oesterevista\/","article_published_time":"2026-07-21T20:00:00+00:00","og_image":[{"width":640,"height":359,"url":"https:\/\/revistaoeste.com\/esporte\/wp-content\/uploads\/2026\/07\/ANTHONY-TAYLOR.jpg","type":"image\/jpeg"}],"author":"Oeste Esporte","twitter_card":"summary_large_image","twitter_creator":"@revistaoeste","twitter_site":"@revistaoeste","twitter_misc":{"Escrito por":"Oeste Esporte","Est. tempo de leitura":"2 minutos"},"schema":{"@context":"https:\/\/schema.org","@graph":[{"@type":"Article","@id":"https:\/\/www.revistaoeste.com\/esporte\/anthony-taylor-anuncia-aposentadoria-e-encerra-carreira-com-mais-de-20-anos-na-arbitragem\/#article","isPartOf":{"@id":"https:\/\/www.revistaoeste.com\/esporte\/anthony-taylor-anuncia-aposentadoria-e-encerra-carreira-com-mais-de-20-anos-na-arbitragem\/"},"author":{"name":"Oeste Esporte","@id":"https:\/\/www.revistaoeste.com\/esporte\/#\/schema\/person\/6622e4d5d99a35adf0de88128e8d66a9"},"headline":"Anthony Taylor anuncia aposentadoria e encerra carreira COM mais de 20 anos na arbitragem","datePublished":"2026-07-21T20:00:00+00:00","mainEntityOfPage":{"@id":"https:\/\/www.revistaoeste.com\/esporte\/anthony-taylor-anuncia-aposentadoria-e-encerra-carreira-com-mais-de-20-anos-na-arbitragem\/"},"wordCount":370,"commentCount":0,"publisher":{"@id":"https:\/\/www.revistaoeste.com\/esporte\/#organization"},"image":{"@id":"https:\/\/www.revistaoeste.com\/esporte\/anthony-taylor-anuncia-aposentadoria-e-encerra-carreira-com-mais-de-20-anos-na-arbitragem\/#primaryimage"},"thumbnailUrl":"https:\/\/revistaoeste.com\/esporte\/wp-content\/uploads\/2026\/07\/ANTHONY-TAYLOR.jpg","keywords":["2026","Anthony Taylor","arbitro","Copa do Mundo","FIFA","futebol","Premier League"],"articleSection":["\u00daltimas Not\u00edcias"],"inLanguage":"pt-BR","potentialAction":[{"@type":"CommentAction","name":"Comment","target":["https:\/\/www.revistaoeste.com\/esporte\/anthony-taylor-anuncia-aposentadoria-e-encerra-carreira-com-mais-de-20-anos-na-arbitragem\/#respond"]}]},{"@type":"WebPage","@id":"https:\/\/www.revistaoeste.com\/esporte\/anthony-taylor-anuncia-aposentadoria-e-encerra-carreira-com-mais-de-20-anos-na-arbitragem\/","url":"https:\/\/www.revistaoeste.com\/esporte\/anthony-taylor-anuncia-aposentadoria-e-encerra-carreira-com-mais-de-20-anos-na-arbitragem\/","name":"Anthony Taylor anuncia aposentadoria e encerra carreira de ju\u00edz","isPartOf":{"@id":"https:\/\/www.revistaoeste.com\/esporte\/#website"},"primaryImageOfPage":{"@id":"https:\/\/www.revistaoeste.com\/esporte\/anthony-taylor-anuncia-aposentadoria-e-encerra-carreira-com-mais-de-20-anos-na-arbitragem\/#primaryimage"},"image":{"@id":"https:\/\/www.revistaoeste.com\/esporte\/anthony-taylor-anuncia-aposentadoria-e-encerra-carreira-com-mais-de-20-anos-na-arbitragem\/#primaryimage"},"thumbnailUrl":"https:\/\/revistaoeste.com\/esporte\/wp-content\/uploads\/2026\/07\/ANTHONY-TAYLOR.jpg","datePublished":"2026-07-21T20:00:00+00:00","description":"O ingl\u00eas Anthony Taylor, de 47 anos, anunciou sua aposentadoria da arbitragem profissional, colocando fim a uma carreira de mais de duas d\u00e9cadas","breadcrumb":{"@id":"https:\/\/www.revistaoeste.com\/esporte\/anthony-taylor-anuncia-aposentadoria-e-encerra-carreira-com-mais-de-20-anos-na-arbitragem\/#breadcrumb"},"inLanguage":"pt-BR","potentialAction":[{"@type":"ReadAction","target":["https:\/\/www.revistaoeste.com\/esporte\/anthony-taylor-anuncia-aposentadoria-e-encerra-carreira-com-mais-de-20-anos-na-arbitragem\/"]}]},{"@type":"ImageObject","inLanguage":"pt-BR","@id":"https:\/\/www.revistaoeste.com\/esporte\/anthony-taylor-anuncia-aposentadoria-e-encerra-carreira-com-mais-de-20-anos-na-arbitragem\/#primaryimage","url":"https:\/\/revistaoeste.com\/esporte\/wp-content\/uploads\/2026\/07\/ANTHONY-TAYLOR.jpg","contentUrl":"https:\/\/revistaoeste.com\/esporte\/wp-content\/uploads\/2026\/07\/ANTHONY-TAYLOR.jpg","width":640,"height":359,"caption":"Anthony Taylor Arbitro com mais 800 jogos apitados | Foto: Reprodu\u00e7\u00e3o"},{"@type":"BreadcrumbList","@id":"https:\/\/www.revistaoeste.com\/esporte\/anthony-taylor-anuncia-aposentadoria-e-encerra-carreira-com-mais-de-20-anos-na-arbitragem\/#breadcrumb","itemListElement":[{"@type":"ListItem","position":1,"name":"In\u00edcio","item":"https:\/\/www.revistaoeste.com\/esporte\/"},{"@type":"ListItem","position":2,"name":"Anthony Taylor anuncia aposentadoria e encerra carreira COM mais de 20 anos na arbitragem"}]},{"@type":"WebSite","@id":"https:\/\/www.revistaoeste.com\/esporte\/#website","url":"https:\/\/www.revistaoeste.com\/esporte\/","name":"Oeste Esporte","description":"Copa sem Firula","publisher":{"@id":"https:\/\/www.revistaoeste.com\/esporte\/#organization"},"potentialAction":[{"@type":"SearchAction","target":{"@type":"EntryPoint","urlTemplate":"https:\/\/www.revistaoeste.com\/esporte\/?s={search_term_string}"},"query-input":{"@type":"PropertyValueSpecification","valueRequired":true,"valueName":"search_term_string"}}],"inLanguage":"pt-BR"},{"@type":"Organization","@id":"https:\/\/www.revistaoeste.com\/esporte\/#organization","name":"Oeste Esporte","url":"https:\/\/www.revistaoeste.com\/esporte\/","logo":{"@type":"ImageObject","inLanguage":"pt-BR","@id":"https:\/\/www.revistaoeste.com\/esporte\/#\/schema\/logo\/image\/","url":"https:\/\/revistaoeste.com\/esporte\/wp-content\/uploads\/2026\/03\/avatar.jpg","contentUrl":"https:\/\/revistaoeste.com\/esporte\/wp-content\/uploads\/2026\/03\/avatar.jpg","width":500,"height":500,"caption":"Oeste Esporte"},"image":{"@id":"https:\/\/www.revistaoeste.com\/esporte\/#\/schema\/logo\/image\/"},"sameAs":["https:\/\/www.facebook.com\/oesterevista\/","https:\/\/x.com\/revistaoeste","https:\/\/www.youtube.com\/@OesteEsporte","https:\/\/www.instagram.com\/revistaoeste\/"]},{"@type":"Person","@id":"https:\/\/www.revistaoeste.com\/esporte\/#\/schema\/person\/6622e4d5d99a35adf0de88128e8d66a9","name":"Oeste Esporte","image":{"@type":"ImageObject","inLanguage":"pt-BR","@id":"https:\/\/secure.gravatar.com\/avatar\/8a2c5501fe5eb922c6c1838ad6a759fe758ecb18b48e36083e67f353c16e08ac?s=96&d=mm&r=g","url":"https:\/\/secure.gravatar.com\/avatar\/8a2c5501fe5eb922c6c1838ad6a759fe758ecb18b48e36083e67f353c16e08ac?s=96&d=mm&r=g","contentUrl":"https:\/\/secure.gravatar.com\/avatar\/8a2c5501fe5eb922c6c1838ad6a759fe758ecb18b48e36083e67f353c16e08ac?s=96&d=mm&r=g","caption":"Oeste Esporte"},"url":"https:\/\/www.revistaoeste.com\/esporte\/author\/felipebellirevistaoeste-com\/"}]}},"_links":{"self":[{"href":"https:\/\/www.revistaoeste.com\/esporte\/wp-json\/wp\/v2\/posts\/12608","targetHints":{"allow":["GET"]}}],"collection":[{"href":"https:\/\/www.revistaoeste.com\/esporte\/wp-json\/wp\/v2\/posts"}],"about":[{"href":"https:\/\/www.revistaoeste.com\/esporte\/wp-json\/wp\/v2\/types\/post"}],"author":[{"embeddable":true,"href":"https:\/\/www.revistaoeste.com\/esporte\/wp-json\/wp\/v2\/users\/5"}],"replies":[{"embeddable":true,"href":"https:\/\/www.revistaoeste.com\/esporte\/wp-json\/wp\/v2\/comments?post=12608"}],"version-history":[{"count":1,"href":"https:\/\/www.revistaoeste.com\/esporte\/wp-json\/wp\/v2\/posts\/12608\/revisions"}],"predecessor-version":[{"id":12610,"href":"https:\/\/www.revistaoeste.com\/esporte\/wp-json\/wp\/v2\/posts\/12608\/revisions\/12610"}],"wp:featuredmedia":[{"embeddable":true,"href":"https:\/\/www.revistaoeste.com\/esporte\/wp-json\/wp\/v2\/media\/12609"}],"wp:attachment":[{"href":"https:\/\/www.revistaoeste.com\/esporte\/wp-json\/wp\/v2\/media?parent=12608"}],"wp:term":[{"taxonomy":"category","embeddable":true,"href":"https:\/\/www.revistaoeste.com\/esporte\/wp-json\/wp\/v2\/categories?post=12608"},{"taxonomy":"post_tag","embeddable":true,"href":"https:\/\/www.revistaoeste.com\/esporte\/wp-json\/wp\/v2\/tags?post=12608"}],"curies":[{"name":"wp","href":"https:\/\/api.w.org\/{rel}","templated":true}]}}