{"id":12395,"date":"2026-07-20T17:00:00","date_gmt":"2026-07-20T20:00:00","guid":{"rendered":"https:\/\/revistaoeste.com\/esporte\/?p=12395"},"modified":"2026-07-20T13:41:03","modified_gmt":"2026-07-20T16:41:03","slug":"italia-abre-negociacoes-por-guardiola-e-sonha-com-contratacao","status":"publish","type":"post","link":"https:\/\/www.revistaoeste.com\/esporte\/italia-abre-negociacoes-por-guardiola-e-sonha-com-contratacao\/","title":{"rendered":"It\u00e1lia abre negocia\u00e7\u00f5es por Guardiola e sonha com contrata\u00e7\u00e3o"},"content":{"rendered":"\n<p class=\"wp-block-paragraph\">A Federa\u00e7\u00e3o Italiana de Futebol (FIGC) iniciou conversas para tentar contratar Pep Guardiola como novo t\u00e9cnico da sele\u00e7\u00e3o. Segundo informa\u00e7\u00f5es divulgadas pela Sky Italia e repercutidas por ve\u00edculos como The Times e AS, dirigentes italianos viajaram a Barcelona para apresentar o projeto ao treinador espanhol.<\/p>\n\n\n\n<p class=\"wp-block-paragraph\"><strong>+ Leia mais not\u00edcias de&nbsp;<a  href=\"https:\/\/revistaoeste.com\/esporte\/\"  target=\"_blank\" rel=\"noopener noreferrer\">Oeste Esporte<\/a><\/strong><\/p>\n\n\n\n<p class=\"wp-block-paragraph\">A reuni\u00e3o contou com a presen\u00e7a de Paolo Maldini, novo diretor t\u00e9cnico da FIGC, e de Leonardo, que atua como conselheiro da entidade. Os dois s\u00e3o considerados pe\u00e7as fundamentais na tentativa de convencer Guardiola a aceitar o desafio de comandar a Azzurra no ciclo rumo \u00e0 Copa do Mundo de 2030.<\/p>\n\n\n\n<p class=\"wp-block-paragraph\">Guardiola \u00e9 tratado como o principal objetivo da federa\u00e7\u00e3o italiana. Livre no mercado depois de encerrar sua passagem pelo Manchester City, o treinador j\u00e1 declarou que pretendia fazer uma pausa na carreira, mas sua boa rela\u00e7\u00e3o com Maldini e Leonardo mant\u00e9m viva a esperan\u00e7a dos dirigentes italianos. Ainda assim, a negocia\u00e7\u00e3o \u00e9 vista como complicada, principalmente pelos altos custos envolvidos.<\/p>\n\n\n\n<p class=\"wp-block-paragraph\">Caso a investida pelo espanhol n\u00e3o avance, a FIGC trabalha com alternativas para assumir o comando da sele\u00e7\u00e3o. Entre os nomes avaliados est\u00e1 o de Andrea Pirlo, que ganhou for\u00e7a internamente por representar um projeto de longo prazo e por manter boa rela\u00e7\u00e3o com Maldini. Outros treinadores, como Roberto Mancini e Antonio Conte, tamb\u00e9m aparecem entre os candidatos analisados pela entidade.<\/p>\n\n\n\n<p class=\"wp-block-paragraph\">A busca por um novo treinador faz parte do processo de reconstru\u00e7\u00e3o do futebol italiano depois da terceira elimina\u00e7\u00e3o consecutiva nas Eliminat\u00f3rias para a Copa do Mundo. Com a chegada de Giovanni Malag\u00f2 \u00e0 presid\u00eancia da FIGC e a nomea\u00e7\u00e3o de Maldini para a dire\u00e7\u00e3o t\u00e9cnica, a federa\u00e7\u00e3o pretende reformular completamente o projeto esportivo da sele\u00e7\u00e3o nos pr\u00f3ximos anos.<\/p>\n\n\n\n<p class=\"wp-block-paragraph\"><\/p>\n","protected":false},"excerpt":{"rendered":"<p>A Federa\u00e7\u00e3o Italiana de Futebol (FIGC) iniciou conversas para tentar contratar Pep Guardiola como novo t\u00e9cnico da sele\u00e7\u00e3o. Segundo informa\u00e7\u00f5es divulgadas pela&hellip;<\/p>\n","protected":false},"author":5,"featured_media":12402,"comment_status":"open","ping_status":"open","sticky":false,"template":"","format":"standard","meta":{"footnotes":""},"categories":[8],"tags":[110,44,29,3157,1792],"class_list":["post-12395","post","type-post","status-publish","format-standard","has-post-thumbnail","hentry","category-ultimas-noticias","tag-110","tag-fifa","tag-futebol","tag-guardiola","tag-italia-2"],"yoast_head":"<!-- This site is optimized with the Yoast SEO plugin v28.0 - https:\/\/yoast.com\/product\/yoast-seo-wordpress\/ -->\n<title>It\u00e1lia abre negocia\u00e7\u00f5es por Guardiola e sonha com contrata\u00e7\u00e3o<\/title>\n<meta name=\"description\" content=\"A Federa\u00e7\u00e3o Italiana iniciou conversas para tentar contratar Pep Guardiola como novo t\u00e9cnico, dirigentes italianos viajaram a Barcelona para apresentar o projeto ao treinador\" \/>\n<meta name=\"robots\" content=\"index, follow, max-snippet:-1, max-image-preview:large, max-video-preview:-1\" \/>\n<link rel=\"canonical\" href=\"https:\/\/revistaoeste.com\/esporte\/italia-abre-negociacoes-por-guardiola-e-sonha-com-contratacao\/\" \/>\n<meta property=\"og:locale\" content=\"pt_BR\" \/>\n<meta property=\"og:type\" content=\"article\" \/>\n<meta property=\"og:title\" content=\"It\u00e1lia abre negocia\u00e7\u00f5es por Guardiola e sonha com contrata\u00e7\u00e3o\" \/>\n<meta property=\"og:description\" content=\"A Federa\u00e7\u00e3o Italiana iniciou conversas para tentar contratar Pep Guardiola como novo t\u00e9cnico, dirigentes italianos viajaram a Barcelona para apresentar o projeto ao treinador\" \/>\n<meta property=\"og:url\" content=\"https:\/\/revistaoeste.com\/esporte\/italia-abre-negociacoes-por-guardiola-e-sonha-com-contratacao\/\" \/>\n<meta property=\"og:site_name\" content=\"Oeste Esporte\" \/>\n<meta property=\"article:publisher\" content=\"https:\/\/www.facebook.com\/oesterevista\/\" \/>\n<meta property=\"article:published_time\" content=\"2026-07-20T20:00:00+00:00\" \/>\n<meta property=\"og:image\" content=\"https:\/\/revistaoeste.com\/esporte\/wp-content\/uploads\/2026\/07\/Pep-Gaurdiola.png\" \/>\n\t<meta property=\"og:image:width\" content=\"640\" \/>\n\t<meta property=\"og:image:height\" content=\"426\" \/>\n\t<meta property=\"og:image:type\" content=\"image\/png\" \/>\n<meta name=\"author\" content=\"Oeste Esporte\" \/>\n<meta name=\"twitter:card\" content=\"summary_large_image\" \/>\n<meta name=\"twitter:creator\" content=\"@revistaoeste\" \/>\n<meta name=\"twitter:site\" content=\"@revistaoeste\" \/>\n<meta name=\"twitter:label1\" content=\"Escrito por\" \/>\n\t<meta name=\"twitter:data1\" content=\"Oeste Esporte\" \/>\n\t<meta name=\"twitter:label2\" content=\"Est. tempo de leitura\" \/>\n\t<meta name=\"twitter:data2\" content=\"2 minutos\" \/>\n<script type=\"application\/ld+json\" class=\"yoast-schema-graph\">{\"@context\":\"https:\\\/\\\/schema.org\",\"@graph\":[{\"@type\":\"Article\",\"@id\":\"https:\\\/\\\/revistaoeste.com\\\/esporte\\\/italia-abre-negociacoes-por-guardiola-e-sonha-com-contratacao\\\/#article\",\"isPartOf\":{\"@id\":\"https:\\\/\\\/revistaoeste.com\\\/esporte\\\/italia-abre-negociacoes-por-guardiola-e-sonha-com-contratacao\\\/\"},\"author\":{\"name\":\"Oeste Esporte\",\"@id\":\"https:\\\/\\\/www.revistaoeste.com\\\/esporte\\\/#\\\/schema\\\/person\\\/6622e4d5d99a35adf0de88128e8d66a9\"},\"headline\":\"It\u00e1lia abre negocia\u00e7\u00f5es por Guardiola e sonha com contrata\u00e7\u00e3o\",\"datePublished\":\"2026-07-20T20:00:00+00:00\",\"mainEntityOfPage\":{\"@id\":\"https:\\\/\\\/revistaoeste.com\\\/esporte\\\/italia-abre-negociacoes-por-guardiola-e-sonha-com-contratacao\\\/\"},\"wordCount\":321,\"commentCount\":0,\"publisher\":{\"@id\":\"https:\\\/\\\/www.revistaoeste.com\\\/esporte\\\/#organization\"},\"image\":{\"@id\":\"https:\\\/\\\/revistaoeste.com\\\/esporte\\\/italia-abre-negociacoes-por-guardiola-e-sonha-com-contratacao\\\/#primaryimage\"},\"thumbnailUrl\":\"https:\\\/\\\/revistaoeste.com\\\/esporte\\\/wp-content\\\/uploads\\\/2026\\\/07\\\/Pep-Gaurdiola.png\",\"keywords\":[\"2026\",\"FIFA\",\"futebol\",\"guardiola\",\"italia\"],\"articleSection\":[\"\u00daltimas Not\u00edcias\"],\"inLanguage\":\"pt-BR\",\"potentialAction\":[{\"@type\":\"CommentAction\",\"name\":\"Comment\",\"target\":[\"https:\\\/\\\/revistaoeste.com\\\/esporte\\\/italia-abre-negociacoes-por-guardiola-e-sonha-com-contratacao\\\/#respond\"]}]},{\"@type\":\"WebPage\",\"@id\":\"https:\\\/\\\/revistaoeste.com\\\/esporte\\\/italia-abre-negociacoes-por-guardiola-e-sonha-com-contratacao\\\/\",\"url\":\"https:\\\/\\\/revistaoeste.com\\\/esporte\\\/italia-abre-negociacoes-por-guardiola-e-sonha-com-contratacao\\\/\",\"name\":\"It\u00e1lia abre negocia\u00e7\u00f5es por Guardiola e sonha com contrata\u00e7\u00e3o\",\"isPartOf\":{\"@id\":\"https:\\\/\\\/www.revistaoeste.com\\\/esporte\\\/#website\"},\"primaryImageOfPage\":{\"@id\":\"https:\\\/\\\/revistaoeste.com\\\/esporte\\\/italia-abre-negociacoes-por-guardiola-e-sonha-com-contratacao\\\/#primaryimage\"},\"image\":{\"@id\":\"https:\\\/\\\/revistaoeste.com\\\/esporte\\\/italia-abre-negociacoes-por-guardiola-e-sonha-com-contratacao\\\/#primaryimage\"},\"thumbnailUrl\":\"https:\\\/\\\/revistaoeste.com\\\/esporte\\\/wp-content\\\/uploads\\\/2026\\\/07\\\/Pep-Gaurdiola.png\",\"datePublished\":\"2026-07-20T20:00:00+00:00\",\"description\":\"A Federa\u00e7\u00e3o Italiana iniciou conversas para tentar contratar Pep Guardiola como novo t\u00e9cnico, dirigentes italianos viajaram a Barcelona para apresentar o projeto ao treinador\",\"breadcrumb\":{\"@id\":\"https:\\\/\\\/revistaoeste.com\\\/esporte\\\/italia-abre-negociacoes-por-guardiola-e-sonha-com-contratacao\\\/#breadcrumb\"},\"inLanguage\":\"pt-BR\",\"potentialAction\":[{\"@type\":\"ReadAction\",\"target\":[\"https:\\\/\\\/revistaoeste.com\\\/esporte\\\/italia-abre-negociacoes-por-guardiola-e-sonha-com-contratacao\\\/\"]}]},{\"@type\":\"ImageObject\",\"inLanguage\":\"pt-BR\",\"@id\":\"https:\\\/\\\/revistaoeste.com\\\/esporte\\\/italia-abre-negociacoes-por-guardiola-e-sonha-com-contratacao\\\/#primaryimage\",\"url\":\"https:\\\/\\\/revistaoeste.com\\\/esporte\\\/wp-content\\\/uploads\\\/2026\\\/07\\\/Pep-Gaurdiola.png\",\"contentUrl\":\"https:\\\/\\\/revistaoeste.com\\\/esporte\\\/wp-content\\\/uploads\\\/2026\\\/07\\\/Pep-Gaurdiola.png\",\"width\":640,\"height\":426,\"caption\":\"Pep Gaurdiola recebe proposta da sele\u00e7\u00e3o italiana | Foto: Reprodu\u00e7\u00e3o\\\/ManCity\"},{\"@type\":\"BreadcrumbList\",\"@id\":\"https:\\\/\\\/revistaoeste.com\\\/esporte\\\/italia-abre-negociacoes-por-guardiola-e-sonha-com-contratacao\\\/#breadcrumb\",\"itemListElement\":[{\"@type\":\"ListItem\",\"position\":1,\"name\":\"In\u00edcio\",\"item\":\"https:\\\/\\\/www.revistaoeste.com\\\/esporte\\\/\"},{\"@type\":\"ListItem\",\"position\":2,\"name\":\"It\u00e1lia abre negocia\u00e7\u00f5es por Guardiola e sonha com contrata\u00e7\u00e3o\"}]},{\"@type\":\"WebSite\",\"@id\":\"https:\\\/\\\/www.revistaoeste.com\\\/esporte\\\/#website\",\"url\":\"https:\\\/\\\/www.revistaoeste.com\\\/esporte\\\/\",\"name\":\"Oeste Esporte\",\"description\":\"Copa sem Firula\",\"publisher\":{\"@id\":\"https:\\\/\\\/www.revistaoeste.com\\\/esporte\\\/#organization\"},\"potentialAction\":[{\"@type\":\"SearchAction\",\"target\":{\"@type\":\"EntryPoint\",\"urlTemplate\":\"https:\\\/\\\/www.revistaoeste.com\\\/esporte\\\/?s={search_term_string}\"},\"query-input\":{\"@type\":\"PropertyValueSpecification\",\"valueRequired\":true,\"valueName\":\"search_term_string\"}}],\"inLanguage\":\"pt-BR\"},{\"@type\":\"Organization\",\"@id\":\"https:\\\/\\\/www.revistaoeste.com\\\/esporte\\\/#organization\",\"name\":\"Oeste Esporte\",\"url\":\"https:\\\/\\\/www.revistaoeste.com\\\/esporte\\\/\",\"logo\":{\"@type\":\"ImageObject\",\"inLanguage\":\"pt-BR\",\"@id\":\"https:\\\/\\\/www.revistaoeste.com\\\/esporte\\\/#\\\/schema\\\/logo\\\/image\\\/\",\"url\":\"https:\\\/\\\/revistaoeste.com\\\/esporte\\\/wp-content\\\/uploads\\\/2026\\\/03\\\/avatar.jpg\",\"contentUrl\":\"https:\\\/\\\/revistaoeste.com\\\/esporte\\\/wp-content\\\/uploads\\\/2026\\\/03\\\/avatar.jpg\",\"width\":500,\"height\":500,\"caption\":\"Oeste Esporte\"},\"image\":{\"@id\":\"https:\\\/\\\/www.revistaoeste.com\\\/esporte\\\/#\\\/schema\\\/logo\\\/image\\\/\"},\"sameAs\":[\"https:\\\/\\\/www.facebook.com\\\/oesterevista\\\/\",\"https:\\\/\\\/x.com\\\/revistaoeste\",\"https:\\\/\\\/www.youtube.com\\\/@OesteEsporte\",\"https:\\\/\\\/www.instagram.com\\\/revistaoeste\\\/\"]},{\"@type\":\"Person\",\"@id\":\"https:\\\/\\\/www.revistaoeste.com\\\/esporte\\\/#\\\/schema\\\/person\\\/6622e4d5d99a35adf0de88128e8d66a9\",\"name\":\"Oeste Esporte\",\"image\":{\"@type\":\"ImageObject\",\"inLanguage\":\"pt-BR\",\"@id\":\"https:\\\/\\\/secure.gravatar.com\\\/avatar\\\/8a2c5501fe5eb922c6c1838ad6a759fe758ecb18b48e36083e67f353c16e08ac?s=96&d=mm&r=g\",\"url\":\"https:\\\/\\\/secure.gravatar.com\\\/avatar\\\/8a2c5501fe5eb922c6c1838ad6a759fe758ecb18b48e36083e67f353c16e08ac?s=96&d=mm&r=g\",\"contentUrl\":\"https:\\\/\\\/secure.gravatar.com\\\/avatar\\\/8a2c5501fe5eb922c6c1838ad6a759fe758ecb18b48e36083e67f353c16e08ac?s=96&d=mm&r=g\",\"caption\":\"Oeste Esporte\"},\"url\":\"https:\\\/\\\/www.revistaoeste.com\\\/esporte\\\/author\\\/felipebellirevistaoeste-com\\\/\"}]}<\/script>\n<!-- \/ Yoast SEO plugin. -->","yoast_head_json":{"title":"It\u00e1lia abre negocia\u00e7\u00f5es por Guardiola e sonha com contrata\u00e7\u00e3o","description":"A Federa\u00e7\u00e3o Italiana iniciou conversas para tentar contratar Pep Guardiola como novo t\u00e9cnico, dirigentes italianos viajaram a Barcelona para apresentar o projeto ao treinador","robots":{"index":"index","follow":"follow","max-snippet":"max-snippet:-1","max-image-preview":"max-image-preview:large","max-video-preview":"max-video-preview:-1"},"canonical":"https:\/\/revistaoeste.com\/esporte\/italia-abre-negociacoes-por-guardiola-e-sonha-com-contratacao\/","og_locale":"pt_BR","og_type":"article","og_title":"It\u00e1lia abre negocia\u00e7\u00f5es por Guardiola e sonha com contrata\u00e7\u00e3o","og_description":"A Federa\u00e7\u00e3o Italiana iniciou conversas para tentar contratar Pep Guardiola como novo t\u00e9cnico, dirigentes italianos viajaram a Barcelona para apresentar o projeto ao treinador","og_url":"https:\/\/revistaoeste.com\/esporte\/italia-abre-negociacoes-por-guardiola-e-sonha-com-contratacao\/","og_site_name":"Oeste Esporte","article_publisher":"https:\/\/www.facebook.com\/oesterevista\/","article_published_time":"2026-07-20T20:00:00+00:00","og_image":[{"width":640,"height":426,"url":"https:\/\/revistaoeste.com\/esporte\/wp-content\/uploads\/2026\/07\/Pep-Gaurdiola.png","type":"image\/png"}],"author":"Oeste Esporte","twitter_card":"summary_large_image","twitter_creator":"@revistaoeste","twitter_site":"@revistaoeste","twitter_misc":{"Escrito por":"Oeste Esporte","Est. tempo de leitura":"2 minutos"},"schema":{"@context":"https:\/\/schema.org","@graph":[{"@type":"Article","@id":"https:\/\/revistaoeste.com\/esporte\/italia-abre-negociacoes-por-guardiola-e-sonha-com-contratacao\/#article","isPartOf":{"@id":"https:\/\/revistaoeste.com\/esporte\/italia-abre-negociacoes-por-guardiola-e-sonha-com-contratacao\/"},"author":{"name":"Oeste Esporte","@id":"https:\/\/www.revistaoeste.com\/esporte\/#\/schema\/person\/6622e4d5d99a35adf0de88128e8d66a9"},"headline":"It\u00e1lia abre negocia\u00e7\u00f5es por Guardiola e sonha com contrata\u00e7\u00e3o","datePublished":"2026-07-20T20:00:00+00:00","mainEntityOfPage":{"@id":"https:\/\/revistaoeste.com\/esporte\/italia-abre-negociacoes-por-guardiola-e-sonha-com-contratacao\/"},"wordCount":321,"commentCount":0,"publisher":{"@id":"https:\/\/www.revistaoeste.com\/esporte\/#organization"},"image":{"@id":"https:\/\/revistaoeste.com\/esporte\/italia-abre-negociacoes-por-guardiola-e-sonha-com-contratacao\/#primaryimage"},"thumbnailUrl":"https:\/\/revistaoeste.com\/esporte\/wp-content\/uploads\/2026\/07\/Pep-Gaurdiola.png","keywords":["2026","FIFA","futebol","guardiola","italia"],"articleSection":["\u00daltimas Not\u00edcias"],"inLanguage":"pt-BR","potentialAction":[{"@type":"CommentAction","name":"Comment","target":["https:\/\/revistaoeste.com\/esporte\/italia-abre-negociacoes-por-guardiola-e-sonha-com-contratacao\/#respond"]}]},{"@type":"WebPage","@id":"https:\/\/revistaoeste.com\/esporte\/italia-abre-negociacoes-por-guardiola-e-sonha-com-contratacao\/","url":"https:\/\/revistaoeste.com\/esporte\/italia-abre-negociacoes-por-guardiola-e-sonha-com-contratacao\/","name":"It\u00e1lia abre negocia\u00e7\u00f5es por Guardiola e sonha com contrata\u00e7\u00e3o","isPartOf":{"@id":"https:\/\/www.revistaoeste.com\/esporte\/#website"},"primaryImageOfPage":{"@id":"https:\/\/revistaoeste.com\/esporte\/italia-abre-negociacoes-por-guardiola-e-sonha-com-contratacao\/#primaryimage"},"image":{"@id":"https:\/\/revistaoeste.com\/esporte\/italia-abre-negociacoes-por-guardiola-e-sonha-com-contratacao\/#primaryimage"},"thumbnailUrl":"https:\/\/revistaoeste.com\/esporte\/wp-content\/uploads\/2026\/07\/Pep-Gaurdiola.png","datePublished":"2026-07-20T20:00:00+00:00","description":"A Federa\u00e7\u00e3o Italiana iniciou conversas para tentar contratar Pep Guardiola como novo t\u00e9cnico, dirigentes italianos viajaram a Barcelona para apresentar o projeto ao treinador","breadcrumb":{"@id":"https:\/\/revistaoeste.com\/esporte\/italia-abre-negociacoes-por-guardiola-e-sonha-com-contratacao\/#breadcrumb"},"inLanguage":"pt-BR","potentialAction":[{"@type":"ReadAction","target":["https:\/\/revistaoeste.com\/esporte\/italia-abre-negociacoes-por-guardiola-e-sonha-com-contratacao\/"]}]},{"@type":"ImageObject","inLanguage":"pt-BR","@id":"https:\/\/revistaoeste.com\/esporte\/italia-abre-negociacoes-por-guardiola-e-sonha-com-contratacao\/#primaryimage","url":"https:\/\/revistaoeste.com\/esporte\/wp-content\/uploads\/2026\/07\/Pep-Gaurdiola.png","contentUrl":"https:\/\/revistaoeste.com\/esporte\/wp-content\/uploads\/2026\/07\/Pep-Gaurdiola.png","width":640,"height":426,"caption":"Pep Gaurdiola recebe proposta da sele\u00e7\u00e3o italiana | Foto: Reprodu\u00e7\u00e3o\/ManCity"},{"@type":"BreadcrumbList","@id":"https:\/\/revistaoeste.com\/esporte\/italia-abre-negociacoes-por-guardiola-e-sonha-com-contratacao\/#breadcrumb","itemListElement":[{"@type":"ListItem","position":1,"name":"In\u00edcio","item":"https:\/\/www.revistaoeste.com\/esporte\/"},{"@type":"ListItem","position":2,"name":"It\u00e1lia abre negocia\u00e7\u00f5es por Guardiola e sonha com contrata\u00e7\u00e3o"}]},{"@type":"WebSite","@id":"https:\/\/www.revistaoeste.com\/esporte\/#website","url":"https:\/\/www.revistaoeste.com\/esporte\/","name":"Oeste Esporte","description":"Copa sem Firula","publisher":{"@id":"https:\/\/www.revistaoeste.com\/esporte\/#organization"},"potentialAction":[{"@type":"SearchAction","target":{"@type":"EntryPoint","urlTemplate":"https:\/\/www.revistaoeste.com\/esporte\/?s={search_term_string}"},"query-input":{"@type":"PropertyValueSpecification","valueRequired":true,"valueName":"search_term_string"}}],"inLanguage":"pt-BR"},{"@type":"Organization","@id":"https:\/\/www.revistaoeste.com\/esporte\/#organization","name":"Oeste Esporte","url":"https:\/\/www.revistaoeste.com\/esporte\/","logo":{"@type":"ImageObject","inLanguage":"pt-BR","@id":"https:\/\/www.revistaoeste.com\/esporte\/#\/schema\/logo\/image\/","url":"https:\/\/revistaoeste.com\/esporte\/wp-content\/uploads\/2026\/03\/avatar.jpg","contentUrl":"https:\/\/revistaoeste.com\/esporte\/wp-content\/uploads\/2026\/03\/avatar.jpg","width":500,"height":500,"caption":"Oeste Esporte"},"image":{"@id":"https:\/\/www.revistaoeste.com\/esporte\/#\/schema\/logo\/image\/"},"sameAs":["https:\/\/www.facebook.com\/oesterevista\/","https:\/\/x.com\/revistaoeste","https:\/\/www.youtube.com\/@OesteEsporte","https:\/\/www.instagram.com\/revistaoeste\/"]},{"@type":"Person","@id":"https:\/\/www.revistaoeste.com\/esporte\/#\/schema\/person\/6622e4d5d99a35adf0de88128e8d66a9","name":"Oeste Esporte","image":{"@type":"ImageObject","inLanguage":"pt-BR","@id":"https:\/\/secure.gravatar.com\/avatar\/8a2c5501fe5eb922c6c1838ad6a759fe758ecb18b48e36083e67f353c16e08ac?s=96&d=mm&r=g","url":"https:\/\/secure.gravatar.com\/avatar\/8a2c5501fe5eb922c6c1838ad6a759fe758ecb18b48e36083e67f353c16e08ac?s=96&d=mm&r=g","contentUrl":"https:\/\/secure.gravatar.com\/avatar\/8a2c5501fe5eb922c6c1838ad6a759fe758ecb18b48e36083e67f353c16e08ac?s=96&d=mm&r=g","caption":"Oeste Esporte"},"url":"https:\/\/www.revistaoeste.com\/esporte\/author\/felipebellirevistaoeste-com\/"}]}},"_links":{"self":[{"href":"https:\/\/www.revistaoeste.com\/esporte\/wp-json\/wp\/v2\/posts\/12395","targetHints":{"allow":["GET"]}}],"collection":[{"href":"https:\/\/www.revistaoeste.com\/esporte\/wp-json\/wp\/v2\/posts"}],"about":[{"href":"https:\/\/www.revistaoeste.com\/esporte\/wp-json\/wp\/v2\/types\/post"}],"author":[{"embeddable":true,"href":"https:\/\/www.revistaoeste.com\/esporte\/wp-json\/wp\/v2\/users\/5"}],"replies":[{"embeddable":true,"href":"https:\/\/www.revistaoeste.com\/esporte\/wp-json\/wp\/v2\/comments?post=12395"}],"version-history":[{"count":1,"href":"https:\/\/www.revistaoeste.com\/esporte\/wp-json\/wp\/v2\/posts\/12395\/revisions"}],"predecessor-version":[{"id":12398,"href":"https:\/\/www.revistaoeste.com\/esporte\/wp-json\/wp\/v2\/posts\/12395\/revisions\/12398"}],"wp:featuredmedia":[{"embeddable":true,"href":"https:\/\/www.revistaoeste.com\/esporte\/wp-json\/wp\/v2\/media\/12402"}],"wp:attachment":[{"href":"https:\/\/www.revistaoeste.com\/esporte\/wp-json\/wp\/v2\/media?parent=12395"}],"wp:term":[{"taxonomy":"category","embeddable":true,"href":"https:\/\/www.revistaoeste.com\/esporte\/wp-json\/wp\/v2\/categories?post=12395"},{"taxonomy":"post_tag","embeddable":true,"href":"https:\/\/www.revistaoeste.com\/esporte\/wp-json\/wp\/v2\/tags?post=12395"}],"curies":[{"name":"wp","href":"https:\/\/api.w.org\/{rel}","templated":true}]}}