{"id":11964,"date":"2026-07-17T15:00:00","date_gmt":"2026-07-17T18:00:00","guid":{"rendered":"https:\/\/www.revistaoeste.com\/esporte\/?p=11964"},"modified":"2026-07-17T13:08:57","modified_gmt":"2026-07-17T16:08:57","slug":"alerta-de-qualidade-do-ar-e-emitido-dias-antes-da-final-da-copa","status":"publish","type":"post","link":"https:\/\/www.revistaoeste.com\/esporte\/alerta-de-qualidade-do-ar-e-emitido-dias-antes-da-final-da-copa\/","title":{"rendered":"Alerta de qualidade do ar \u00e9 emitido dias antes da final da Copa"},"content":{"rendered":"\n<p class=\"wp-block-paragraph\">A poucos dias da grande final da Copa do Mundo de 2026, entre Argentina e Espanha, a fuma\u00e7a provocada pelos inc\u00eandios florestais no Canad\u00e1 passou a ser uma preocupa\u00e7\u00e3o para autoridades e organizadores do torneio. Os estados de Nova York e Nova Jersey emitiram um alerta de qualidade do ar por causa da concentra\u00e7\u00e3o de fuma\u00e7a na regi\u00e3o onde ser\u00e1 disputada a decis\u00e3o do Mundial.<\/p>\n\n\n\n<p class=\"wp-block-paragraph\"><strong>+ Leia mais not\u00edcias de&nbsp;<a  href=\"https:\/\/revistaoeste.com\/esporte\/\"  target=\"_blank\" rel=\"noopener noreferrer\">Oeste Esporte<\/a><\/strong><\/p>\n\n\n\n<p class=\"wp-block-paragraph\">O MetLife Stadium, localizado em East Rutherford, em Nova Jersey, receber\u00e1 a final neste domingo, 19, mas, at\u00e9 o momento, a FIFA n\u00e3o cogita adiar ou alterar a programa\u00e7\u00e3o da partida. A expectativa \u00e9 de um p\u00fablico superior a 80 mil torcedores, al\u00e9m da realiza\u00e7\u00e3o do show do intervalo preparado para a decis\u00e3o.<\/p>\n\n\n\n<p class=\"wp-block-paragraph\">A situa\u00e7\u00e3o se agravou na quarta-feira, 15, quando uma espessa camada de fuma\u00e7a, originada pelos inc\u00eandios que atingem o territ\u00f3rio canadense, encobriu a regi\u00e3o metropolitana de Nova York. As autoridades recomendaram que moradores evitem atividades f\u00edsicas ao ar livre e permane\u00e7am em ambientes fechados sempre que poss\u00edvel.<\/p>\n\n\n\n<p class=\"wp-block-paragraph\">A sele\u00e7\u00e3o da Espanha desembarcou em Nova Jersey justamente quando as condi\u00e7\u00f5es come\u00e7aram a piorar. Mesmo assim, a equipe comandada por Luis de la Fuente treinou normalmente ao ar livre na quinta-feira, 16, e, at\u00e9 o momento, n\u00e3o demonstrou preocupa\u00e7\u00e3o com a qualidade do ar.<\/p>\n\n\n\n<p class=\"wp-block-paragraph\">A Argentina, por sua vez, permaneceu em Atlanta depois da vit\u00f3ria sobre a Inglaterra na semifinal e s\u00f3 iniciou os treinamentos em Nova Jersey nesta sexta-feira, 17, quando a previs\u00e3o j\u00e1 indicava uma melhora gradual das condi\u00e7\u00f5es atmosf\u00e9ricas.<\/p>\n\n\n\n<p class=\"wp-block-paragraph\">Os efeitos da fuma\u00e7a tamb\u00e9m foram sentidos por quem j\u00e1 estava na regi\u00e3o do MetLife Stadium. Kaitlynn Edgar, uma das bailarinas que participar\u00e1 da cerim\u00f4nia da final, relatou dificuldades durante os ensaios.<\/p>\n\n\n\n<p class=\"wp-block-paragraph\">&#8220;Est\u00e1 muito ruim l\u00e1 fora. \u00c9 dif\u00edcil dan\u00e7ar. D\u00e1 para sentir o peso do ar&#8221;, contou a dan\u00e7arina ao pai, Dan Edgar, em relato reproduzido pela <em>BBC<\/em>.<\/p>\n\n\n\n<p class=\"wp-block-paragraph\">O problema j\u00e1 interferiu em outras competi\u00e7\u00f5es esportivas nos Estados Unidos. Na \u00faltima quarta-feira, a partida entre Gotham FC e Washington Spirit, pela National Women&#8217;s Soccer League (NWSL), foi disputada sob forte n\u00e9voa. Por causa do \u00edndice de qualidade do ar, o protocolo da liga determinou duas paradas t\u00e9cnicas em cada tempo para preservar a sa\u00fade das atletas.<\/p>\n\n\n\n<p class=\"wp-block-paragraph\">Depois da partida, a atacante Trinity Rodman criticou a decis\u00e3o de manter o jogo.<\/p>\n\n\n\n<p class=\"wp-block-paragraph\">&#8220;N\u00e3o quero usar isso como desculpa, mas acho que as duas equipes pensavam a mesma coisa. Precis\u00e1vamos de mais pausas. Na minha opini\u00e3o, a partida n\u00e3o deveria ter acontecido&#8221;, afirmou.<\/p>\n\n\n\n<p class=\"wp-block-paragraph\">A fuma\u00e7a tamb\u00e9m provocou o adiamento da partida entre Chicago Fire e Vancouver Whitecaps, pela Major League Soccer (MLS), marcada para quinta-feira, 16, devido \u00e0s condi\u00e7\u00f5es consideradas inadequadas para a pr\u00e1tica esportiva.<br><br>Apesar da preocupa\u00e7\u00e3o, a previs\u00e3o meteorol\u00f3gica \u00e9 otimista. Segundo os servi\u00e7os de meteorologia, a qualidade do ar deve melhorar ao longo desta sexta-feira, enquanto a chuva esperada para s\u00e1bado deve ajudar a dissipar a fuma\u00e7a antes da decis\u00e3o da Copa do Mundo.<\/p>\n\n\n\n<p class=\"wp-block-paragraph\"><\/p>\n","protected":false},"excerpt":{"rendered":"<p>A poucos dias da grande final da Copa do Mundo de 2026, entre Argentina e Espanha, a fuma\u00e7a provocada pelos inc\u00eandios florestais&hellip;<\/p>\n","protected":false},"author":1,"featured_media":12009,"comment_status":"open","ping_status":"open","sticky":false,"template":"","format":"standard","meta":{"footnotes":""},"categories":[18,8],"tags":[437,23,35,2330,3785],"class_list":["post-11964","post","type-post","status-publish","format-standard","has-post-thumbnail","hentry","category-final","category-ultimas-noticias","tag-argentina","tag-copa-do-mundo","tag-espanha","tag-nova-iorque","tag-qualidade-do-ar"],"yoast_head":"<!-- This site is optimized with the Yoast SEO plugin v28.0 - https:\/\/yoast.com\/product\/yoast-seo-wordpress\/ -->\n<title>Alerta de qualidade do ar \u00e9 emitido dias antes da final da Copa<\/title>\n<meta name=\"description\" content=\"Autoridades alertam sobre qualidade do ar em Nova Iorque antes da final da Copa do Mundo.\" \/>\n<meta name=\"robots\" content=\"index, follow, max-snippet:-1, max-image-preview:large, max-video-preview:-1\" \/>\n<link rel=\"canonical\" href=\"https:\/\/revistaoeste.com\/esporte\/alerta-de-qualidade-do-ar-e-emitido-dias-antes-da-final-da-copa\/\" \/>\n<meta property=\"og:locale\" content=\"pt_BR\" \/>\n<meta property=\"og:type\" content=\"article\" \/>\n<meta property=\"og:title\" content=\"Alerta de qualidade do ar \u00e9 emitido dias antes da final da Copa\" \/>\n<meta property=\"og:description\" content=\"Autoridades alertam sobre qualidade do ar em Nova Iorque antes da final da Copa do Mundo.\" \/>\n<meta property=\"og:url\" content=\"https:\/\/revistaoeste.com\/esporte\/alerta-de-qualidade-do-ar-e-emitido-dias-antes-da-final-da-copa\/\" \/>\n<meta property=\"og:site_name\" content=\"Oeste Esporte\" \/>\n<meta property=\"article:publisher\" content=\"https:\/\/www.facebook.com\/oesterevista\/\" \/>\n<meta property=\"article:published_time\" content=\"2026-07-17T18:00:00+00:00\" \/>\n<meta property=\"og:image\" content=\"https:\/\/revistaoeste.com\/esporte\/wp-content\/uploads\/2026\/07\/MEtlife-Stadium-fifa.png\" \/>\n\t<meta property=\"og:image:width\" content=\"640\" \/>\n\t<meta property=\"og:image:height\" content=\"309\" \/>\n\t<meta property=\"og:image:type\" content=\"image\/png\" \/>\n<meta name=\"author\" content=\"Oeste Esporte\" \/>\n<meta name=\"twitter:card\" content=\"summary_large_image\" \/>\n<meta name=\"twitter:creator\" content=\"@revistaoeste\" \/>\n<meta name=\"twitter:site\" content=\"@revistaoeste\" \/>\n<meta name=\"twitter:label1\" content=\"Escrito por\" \/>\n\t<meta name=\"twitter:data1\" content=\"Oeste Esporte\" \/>\n\t<meta name=\"twitter:label2\" content=\"Est. tempo de leitura\" \/>\n\t<meta name=\"twitter:data2\" content=\"3 minutos\" \/>\n<script type=\"application\/ld+json\" class=\"yoast-schema-graph\">{\"@context\":\"https:\\\/\\\/schema.org\",\"@graph\":[{\"@type\":\"Article\",\"@id\":\"https:\\\/\\\/revistaoeste.com\\\/esporte\\\/alerta-de-qualidade-do-ar-e-emitido-dias-antes-da-final-da-copa\\\/#article\",\"isPartOf\":{\"@id\":\"https:\\\/\\\/revistaoeste.com\\\/esporte\\\/alerta-de-qualidade-do-ar-e-emitido-dias-antes-da-final-da-copa\\\/\"},\"author\":{\"name\":\"Oeste Esporte\",\"@id\":\"https:\\\/\\\/www.revistaoeste.com\\\/esporte\\\/#\\\/schema\\\/person\\\/8bac624bec4650bf2ec23768fd7ac65d\"},\"headline\":\"Alerta de qualidade do ar \u00e9 emitido dias antes da final da Copa\",\"datePublished\":\"2026-07-17T18:00:00+00:00\",\"mainEntityOfPage\":{\"@id\":\"https:\\\/\\\/revistaoeste.com\\\/esporte\\\/alerta-de-qualidade-do-ar-e-emitido-dias-antes-da-final-da-copa\\\/\"},\"wordCount\":551,\"commentCount\":0,\"publisher\":{\"@id\":\"https:\\\/\\\/www.revistaoeste.com\\\/esporte\\\/#organization\"},\"image\":{\"@id\":\"https:\\\/\\\/revistaoeste.com\\\/esporte\\\/alerta-de-qualidade-do-ar-e-emitido-dias-antes-da-final-da-copa\\\/#primaryimage\"},\"thumbnailUrl\":\"https:\\\/\\\/revistaoeste.com\\\/esporte\\\/wp-content\\\/uploads\\\/2026\\\/07\\\/MEtlife-Stadium-fifa.png\",\"keywords\":[\"Argentina\",\"Copa do Mundo\",\"Espanha\",\"Nova Iorque\",\"qualidade do ar\"],\"articleSection\":[\"Final\",\"\u00daltimas Not\u00edcias\"],\"inLanguage\":\"pt-BR\",\"potentialAction\":[{\"@type\":\"CommentAction\",\"name\":\"Comment\",\"target\":[\"https:\\\/\\\/revistaoeste.com\\\/esporte\\\/alerta-de-qualidade-do-ar-e-emitido-dias-antes-da-final-da-copa\\\/#respond\"]}]},{\"@type\":\"WebPage\",\"@id\":\"https:\\\/\\\/revistaoeste.com\\\/esporte\\\/alerta-de-qualidade-do-ar-e-emitido-dias-antes-da-final-da-copa\\\/\",\"url\":\"https:\\\/\\\/revistaoeste.com\\\/esporte\\\/alerta-de-qualidade-do-ar-e-emitido-dias-antes-da-final-da-copa\\\/\",\"name\":\"Alerta de qualidade do ar \u00e9 emitido dias antes da final da Copa\",\"isPartOf\":{\"@id\":\"https:\\\/\\\/www.revistaoeste.com\\\/esporte\\\/#website\"},\"primaryImageOfPage\":{\"@id\":\"https:\\\/\\\/revistaoeste.com\\\/esporte\\\/alerta-de-qualidade-do-ar-e-emitido-dias-antes-da-final-da-copa\\\/#primaryimage\"},\"image\":{\"@id\":\"https:\\\/\\\/revistaoeste.com\\\/esporte\\\/alerta-de-qualidade-do-ar-e-emitido-dias-antes-da-final-da-copa\\\/#primaryimage\"},\"thumbnailUrl\":\"https:\\\/\\\/revistaoeste.com\\\/esporte\\\/wp-content\\\/uploads\\\/2026\\\/07\\\/MEtlife-Stadium-fifa.png\",\"datePublished\":\"2026-07-17T18:00:00+00:00\",\"description\":\"Autoridades alertam sobre qualidade do ar em Nova Iorque antes da final da Copa do Mundo.\",\"breadcrumb\":{\"@id\":\"https:\\\/\\\/revistaoeste.com\\\/esporte\\\/alerta-de-qualidade-do-ar-e-emitido-dias-antes-da-final-da-copa\\\/#breadcrumb\"},\"inLanguage\":\"pt-BR\",\"potentialAction\":[{\"@type\":\"ReadAction\",\"target\":[\"https:\\\/\\\/revistaoeste.com\\\/esporte\\\/alerta-de-qualidade-do-ar-e-emitido-dias-antes-da-final-da-copa\\\/\"]}]},{\"@type\":\"ImageObject\",\"inLanguage\":\"pt-BR\",\"@id\":\"https:\\\/\\\/revistaoeste.com\\\/esporte\\\/alerta-de-qualidade-do-ar-e-emitido-dias-antes-da-final-da-copa\\\/#primaryimage\",\"url\":\"https:\\\/\\\/revistaoeste.com\\\/esporte\\\/wp-content\\\/uploads\\\/2026\\\/07\\\/MEtlife-Stadium-fifa.png\",\"contentUrl\":\"https:\\\/\\\/revistaoeste.com\\\/esporte\\\/wp-content\\\/uploads\\\/2026\\\/07\\\/MEtlife-Stadium-fifa.png\",\"width\":640,\"height\":309,\"caption\":\"MetLife Stadium palco da final da Copa | Foto: Reprodu\u00e7\u00e3o\\\/MetLifeStadium\"},{\"@type\":\"BreadcrumbList\",\"@id\":\"https:\\\/\\\/revistaoeste.com\\\/esporte\\\/alerta-de-qualidade-do-ar-e-emitido-dias-antes-da-final-da-copa\\\/#breadcrumb\",\"itemListElement\":[{\"@type\":\"ListItem\",\"position\":1,\"name\":\"In\u00edcio\",\"item\":\"https:\\\/\\\/www.revistaoeste.com\\\/esporte\\\/\"},{\"@type\":\"ListItem\",\"position\":2,\"name\":\"Alerta de qualidade do ar \u00e9 emitido dias antes da final da Copa\"}]},{\"@type\":\"WebSite\",\"@id\":\"https:\\\/\\\/www.revistaoeste.com\\\/esporte\\\/#website\",\"url\":\"https:\\\/\\\/www.revistaoeste.com\\\/esporte\\\/\",\"name\":\"Oeste Esporte\",\"description\":\"Copa sem Firula\",\"publisher\":{\"@id\":\"https:\\\/\\\/www.revistaoeste.com\\\/esporte\\\/#organization\"},\"potentialAction\":[{\"@type\":\"SearchAction\",\"target\":{\"@type\":\"EntryPoint\",\"urlTemplate\":\"https:\\\/\\\/www.revistaoeste.com\\\/esporte\\\/?s={search_term_string}\"},\"query-input\":{\"@type\":\"PropertyValueSpecification\",\"valueRequired\":true,\"valueName\":\"search_term_string\"}}],\"inLanguage\":\"pt-BR\"},{\"@type\":\"Organization\",\"@id\":\"https:\\\/\\\/www.revistaoeste.com\\\/esporte\\\/#organization\",\"name\":\"Oeste Esporte\",\"url\":\"https:\\\/\\\/www.revistaoeste.com\\\/esporte\\\/\",\"logo\":{\"@type\":\"ImageObject\",\"inLanguage\":\"pt-BR\",\"@id\":\"https:\\\/\\\/www.revistaoeste.com\\\/esporte\\\/#\\\/schema\\\/logo\\\/image\\\/\",\"url\":\"https:\\\/\\\/revistaoeste.com\\\/esporte\\\/wp-content\\\/uploads\\\/2026\\\/03\\\/avatar.jpg\",\"contentUrl\":\"https:\\\/\\\/revistaoeste.com\\\/esporte\\\/wp-content\\\/uploads\\\/2026\\\/03\\\/avatar.jpg\",\"width\":500,\"height\":500,\"caption\":\"Oeste Esporte\"},\"image\":{\"@id\":\"https:\\\/\\\/www.revistaoeste.com\\\/esporte\\\/#\\\/schema\\\/logo\\\/image\\\/\"},\"sameAs\":[\"https:\\\/\\\/www.facebook.com\\\/oesterevista\\\/\",\"https:\\\/\\\/x.com\\\/revistaoeste\",\"https:\\\/\\\/www.youtube.com\\\/@OesteEsporte\",\"https:\\\/\\\/www.instagram.com\\\/revistaoeste\\\/\"]},{\"@type\":\"Person\",\"@id\":\"https:\\\/\\\/www.revistaoeste.com\\\/esporte\\\/#\\\/schema\\\/person\\\/8bac624bec4650bf2ec23768fd7ac65d\",\"name\":\"Oeste Esporte\",\"image\":{\"@type\":\"ImageObject\",\"inLanguage\":\"pt-BR\",\"@id\":\"https:\\\/\\\/secure.gravatar.com\\\/avatar\\\/2987d05a660a8ffcae47b35d35518c167ec44856a592ec112d72c02da5110150?s=96&d=mm&r=g\",\"url\":\"https:\\\/\\\/secure.gravatar.com\\\/avatar\\\/2987d05a660a8ffcae47b35d35518c167ec44856a592ec112d72c02da5110150?s=96&d=mm&r=g\",\"contentUrl\":\"https:\\\/\\\/secure.gravatar.com\\\/avatar\\\/2987d05a660a8ffcae47b35d35518c167ec44856a592ec112d72c02da5110150?s=96&d=mm&r=g\",\"caption\":\"Oeste Esporte\"},\"sameAs\":[\"https:\\\/\\\/revistaoeste.com\\\/esporte\"],\"url\":\"https:\\\/\\\/www.revistaoeste.com\\\/esporte\\\/author\\\/vanessa\\\/\"}]}<\/script>\n<!-- \/ Yoast SEO plugin. -->","yoast_head_json":{"title":"Alerta de qualidade do ar \u00e9 emitido dias antes da final da Copa","description":"Autoridades alertam sobre qualidade do ar em Nova Iorque antes da final da Copa do Mundo.","robots":{"index":"index","follow":"follow","max-snippet":"max-snippet:-1","max-image-preview":"max-image-preview:large","max-video-preview":"max-video-preview:-1"},"canonical":"https:\/\/revistaoeste.com\/esporte\/alerta-de-qualidade-do-ar-e-emitido-dias-antes-da-final-da-copa\/","og_locale":"pt_BR","og_type":"article","og_title":"Alerta de qualidade do ar \u00e9 emitido dias antes da final da Copa","og_description":"Autoridades alertam sobre qualidade do ar em Nova Iorque antes da final da Copa do Mundo.","og_url":"https:\/\/revistaoeste.com\/esporte\/alerta-de-qualidade-do-ar-e-emitido-dias-antes-da-final-da-copa\/","og_site_name":"Oeste Esporte","article_publisher":"https:\/\/www.facebook.com\/oesterevista\/","article_published_time":"2026-07-17T18:00:00+00:00","og_image":[{"width":640,"height":309,"url":"https:\/\/revistaoeste.com\/esporte\/wp-content\/uploads\/2026\/07\/MEtlife-Stadium-fifa.png","type":"image\/png"}],"author":"Oeste Esporte","twitter_card":"summary_large_image","twitter_creator":"@revistaoeste","twitter_site":"@revistaoeste","twitter_misc":{"Escrito por":"Oeste Esporte","Est. tempo de leitura":"3 minutos"},"schema":{"@context":"https:\/\/schema.org","@graph":[{"@type":"Article","@id":"https:\/\/revistaoeste.com\/esporte\/alerta-de-qualidade-do-ar-e-emitido-dias-antes-da-final-da-copa\/#article","isPartOf":{"@id":"https:\/\/revistaoeste.com\/esporte\/alerta-de-qualidade-do-ar-e-emitido-dias-antes-da-final-da-copa\/"},"author":{"name":"Oeste Esporte","@id":"https:\/\/www.revistaoeste.com\/esporte\/#\/schema\/person\/8bac624bec4650bf2ec23768fd7ac65d"},"headline":"Alerta de qualidade do ar \u00e9 emitido dias antes da final da Copa","datePublished":"2026-07-17T18:00:00+00:00","mainEntityOfPage":{"@id":"https:\/\/revistaoeste.com\/esporte\/alerta-de-qualidade-do-ar-e-emitido-dias-antes-da-final-da-copa\/"},"wordCount":551,"commentCount":0,"publisher":{"@id":"https:\/\/www.revistaoeste.com\/esporte\/#organization"},"image":{"@id":"https:\/\/revistaoeste.com\/esporte\/alerta-de-qualidade-do-ar-e-emitido-dias-antes-da-final-da-copa\/#primaryimage"},"thumbnailUrl":"https:\/\/revistaoeste.com\/esporte\/wp-content\/uploads\/2026\/07\/MEtlife-Stadium-fifa.png","keywords":["Argentina","Copa do Mundo","Espanha","Nova Iorque","qualidade do ar"],"articleSection":["Final","\u00daltimas Not\u00edcias"],"inLanguage":"pt-BR","potentialAction":[{"@type":"CommentAction","name":"Comment","target":["https:\/\/revistaoeste.com\/esporte\/alerta-de-qualidade-do-ar-e-emitido-dias-antes-da-final-da-copa\/#respond"]}]},{"@type":"WebPage","@id":"https:\/\/revistaoeste.com\/esporte\/alerta-de-qualidade-do-ar-e-emitido-dias-antes-da-final-da-copa\/","url":"https:\/\/revistaoeste.com\/esporte\/alerta-de-qualidade-do-ar-e-emitido-dias-antes-da-final-da-copa\/","name":"Alerta de qualidade do ar \u00e9 emitido dias antes da final da Copa","isPartOf":{"@id":"https:\/\/www.revistaoeste.com\/esporte\/#website"},"primaryImageOfPage":{"@id":"https:\/\/revistaoeste.com\/esporte\/alerta-de-qualidade-do-ar-e-emitido-dias-antes-da-final-da-copa\/#primaryimage"},"image":{"@id":"https:\/\/revistaoeste.com\/esporte\/alerta-de-qualidade-do-ar-e-emitido-dias-antes-da-final-da-copa\/#primaryimage"},"thumbnailUrl":"https:\/\/revistaoeste.com\/esporte\/wp-content\/uploads\/2026\/07\/MEtlife-Stadium-fifa.png","datePublished":"2026-07-17T18:00:00+00:00","description":"Autoridades alertam sobre qualidade do ar em Nova Iorque antes da final da Copa do Mundo.","breadcrumb":{"@id":"https:\/\/revistaoeste.com\/esporte\/alerta-de-qualidade-do-ar-e-emitido-dias-antes-da-final-da-copa\/#breadcrumb"},"inLanguage":"pt-BR","potentialAction":[{"@type":"ReadAction","target":["https:\/\/revistaoeste.com\/esporte\/alerta-de-qualidade-do-ar-e-emitido-dias-antes-da-final-da-copa\/"]}]},{"@type":"ImageObject","inLanguage":"pt-BR","@id":"https:\/\/revistaoeste.com\/esporte\/alerta-de-qualidade-do-ar-e-emitido-dias-antes-da-final-da-copa\/#primaryimage","url":"https:\/\/revistaoeste.com\/esporte\/wp-content\/uploads\/2026\/07\/MEtlife-Stadium-fifa.png","contentUrl":"https:\/\/revistaoeste.com\/esporte\/wp-content\/uploads\/2026\/07\/MEtlife-Stadium-fifa.png","width":640,"height":309,"caption":"MetLife Stadium palco da final da Copa | Foto: Reprodu\u00e7\u00e3o\/MetLifeStadium"},{"@type":"BreadcrumbList","@id":"https:\/\/revistaoeste.com\/esporte\/alerta-de-qualidade-do-ar-e-emitido-dias-antes-da-final-da-copa\/#breadcrumb","itemListElement":[{"@type":"ListItem","position":1,"name":"In\u00edcio","item":"https:\/\/www.revistaoeste.com\/esporte\/"},{"@type":"ListItem","position":2,"name":"Alerta de qualidade do ar \u00e9 emitido dias antes da final da Copa"}]},{"@type":"WebSite","@id":"https:\/\/www.revistaoeste.com\/esporte\/#website","url":"https:\/\/www.revistaoeste.com\/esporte\/","name":"Oeste Esporte","description":"Copa sem Firula","publisher":{"@id":"https:\/\/www.revistaoeste.com\/esporte\/#organization"},"potentialAction":[{"@type":"SearchAction","target":{"@type":"EntryPoint","urlTemplate":"https:\/\/www.revistaoeste.com\/esporte\/?s={search_term_string}"},"query-input":{"@type":"PropertyValueSpecification","valueRequired":true,"valueName":"search_term_string"}}],"inLanguage":"pt-BR"},{"@type":"Organization","@id":"https:\/\/www.revistaoeste.com\/esporte\/#organization","name":"Oeste Esporte","url":"https:\/\/www.revistaoeste.com\/esporte\/","logo":{"@type":"ImageObject","inLanguage":"pt-BR","@id":"https:\/\/www.revistaoeste.com\/esporte\/#\/schema\/logo\/image\/","url":"https:\/\/revistaoeste.com\/esporte\/wp-content\/uploads\/2026\/03\/avatar.jpg","contentUrl":"https:\/\/revistaoeste.com\/esporte\/wp-content\/uploads\/2026\/03\/avatar.jpg","width":500,"height":500,"caption":"Oeste Esporte"},"image":{"@id":"https:\/\/www.revistaoeste.com\/esporte\/#\/schema\/logo\/image\/"},"sameAs":["https:\/\/www.facebook.com\/oesterevista\/","https:\/\/x.com\/revistaoeste","https:\/\/www.youtube.com\/@OesteEsporte","https:\/\/www.instagram.com\/revistaoeste\/"]},{"@type":"Person","@id":"https:\/\/www.revistaoeste.com\/esporte\/#\/schema\/person\/8bac624bec4650bf2ec23768fd7ac65d","name":"Oeste Esporte","image":{"@type":"ImageObject","inLanguage":"pt-BR","@id":"https:\/\/secure.gravatar.com\/avatar\/2987d05a660a8ffcae47b35d35518c167ec44856a592ec112d72c02da5110150?s=96&d=mm&r=g","url":"https:\/\/secure.gravatar.com\/avatar\/2987d05a660a8ffcae47b35d35518c167ec44856a592ec112d72c02da5110150?s=96&d=mm&r=g","contentUrl":"https:\/\/secure.gravatar.com\/avatar\/2987d05a660a8ffcae47b35d35518c167ec44856a592ec112d72c02da5110150?s=96&d=mm&r=g","caption":"Oeste Esporte"},"sameAs":["https:\/\/revistaoeste.com\/esporte"],"url":"https:\/\/www.revistaoeste.com\/esporte\/author\/vanessa\/"}]}},"_links":{"self":[{"href":"https:\/\/www.revistaoeste.com\/esporte\/wp-json\/wp\/v2\/posts\/11964","targetHints":{"allow":["GET"]}}],"collection":[{"href":"https:\/\/www.revistaoeste.com\/esporte\/wp-json\/wp\/v2\/posts"}],"about":[{"href":"https:\/\/www.revistaoeste.com\/esporte\/wp-json\/wp\/v2\/types\/post"}],"author":[{"embeddable":true,"href":"https:\/\/www.revistaoeste.com\/esporte\/wp-json\/wp\/v2\/users\/1"}],"replies":[{"embeddable":true,"href":"https:\/\/www.revistaoeste.com\/esporte\/wp-json\/wp\/v2\/comments?post=11964"}],"version-history":[{"count":1,"href":"https:\/\/www.revistaoeste.com\/esporte\/wp-json\/wp\/v2\/posts\/11964\/revisions"}],"predecessor-version":[{"id":12010,"href":"https:\/\/www.revistaoeste.com\/esporte\/wp-json\/wp\/v2\/posts\/11964\/revisions\/12010"}],"wp:featuredmedia":[{"embeddable":true,"href":"https:\/\/www.revistaoeste.com\/esporte\/wp-json\/wp\/v2\/media\/12009"}],"wp:attachment":[{"href":"https:\/\/www.revistaoeste.com\/esporte\/wp-json\/wp\/v2\/media?parent=11964"}],"wp:term":[{"taxonomy":"category","embeddable":true,"href":"https:\/\/www.revistaoeste.com\/esporte\/wp-json\/wp\/v2\/categories?post=11964"},{"taxonomy":"post_tag","embeddable":true,"href":"https:\/\/www.revistaoeste.com\/esporte\/wp-json\/wp\/v2\/tags?post=11964"}],"curies":[{"name":"wp","href":"https:\/\/api.w.org\/{rel}","templated":true}]}}