{"id":11853,"date":"2026-07-16T12:00:00","date_gmt":"2026-07-16T15:00:00","guid":{"rendered":"https:\/\/revistaoeste.com\/esporte\/?p=11853"},"modified":"2026-07-16T12:20:48","modified_gmt":"2026-07-16T15:20:48","slug":"final-da-copa-do-mundo-tera-duelo-inedito-entre-campeas-da-euro-e-da-copa-america","status":"publish","type":"post","link":"https:\/\/www.revistaoeste.com\/esporte\/final-da-copa-do-mundo-tera-duelo-inedito-entre-campeas-da-euro-e-da-copa-america\/","title":{"rendered":"Final da Copa do Mundo ter\u00e1 duelo in\u00e9dito entre campe\u00e3s da Euro e da Copa Am\u00e9rica"},"content":{"rendered":"\n<p class=\"wp-block-paragraph\"><strong>Felipe Belli, Oeste Esporte<br><\/strong><br>A final da Copa do Mundo de 2026 reservar\u00e1 um feito in\u00e9dito na hist\u00f3ria do futebol. Pela primeira vez, a decis\u00e3o do Mundial colocar\u00e1 frente a frente as atuais campe\u00e3s da Eurocopa e da Copa Am\u00e9rica. Espanha e Argentina disputar\u00e3o o t\u00edtulo no pr\u00f3ximo domingo, 19, em um confronto que re\u00fane as duas sele\u00e7\u00f5es mais vitoriosas do ciclo recente entre europeus e sul-americanos.<\/p>\n\n\n\n<p class=\"wp-block-paragraph\"><strong>+ Leia mais not\u00edcias de&nbsp;<a  href=\"https:\/\/revistaoeste.com\/esporte\/\"  target=\"_blank\" rel=\"noopener noreferrer\">Oeste Esporte<\/a><\/strong><\/p>\n\n\n\n<p class=\"wp-block-paragraph\">A Espanha chega \u00e0 decis\u00e3o como atual campe\u00e3 da Eurocopa. A equipe comandada por Luis de la Fuente conquistou o torneio continental em 2024 ao vencer a Inglaterra por 2 a 1 na final, disputada em Berlim. O t\u00edtulo confirmou a for\u00e7a da nova gera\u00e7\u00e3o espanhola, liderada por nomes como Lamine Yamal, Nico Williams, Rodri e Dani Olmo.<\/p>\n\n\n\n<p class=\"wp-block-paragraph\">Do outro lado estar\u00e1 a Argentina, atual campe\u00e3 da Copa Am\u00e9rica. A sele\u00e7\u00e3o de Lionel Scaloni levantou a ta\u00e7a da edi\u00e7\u00e3o de 2024 ao derrotar a Col\u00f4mbia por 1 a 0, na prorroga\u00e7\u00e3o, em Miami, com gol de Lautaro Mart\u00ednez. A conquista marcou o segundo t\u00edtulo consecutivo da Albiceleste no torneio continental e consolidou uma das gera\u00e7\u00f5es mais vitoriosas da hist\u00f3ria do pa\u00eds.<\/p>\n\n\n\n<figure class=\"wp-block-table\"><table class=\"has-fixed-layout\"><thead><tr><th>Copa<\/th><th>Final<\/th><th>Campe\u00e3 da Euro vigente<\/th><th>Campe\u00e3 da Copa Am\u00e9rica vigente<\/th><th>Coincid\u00eancia?<\/th><\/tr><\/thead><tbody><tr><td><strong>1958<\/strong><\/td><td>Brasil 5 x 2 Su\u00e9cia<\/td><td> N\u00e3o havia Euro<\/td><td>Uruguai (1956)<\/td><td>&#x274c;<\/td><\/tr><tr><td><strong>1962<\/strong><\/td><td>Brasil 3 x 1 Tchecoslov\u00e1quia<\/td><td>Uni\u00e3o Sovi\u00e9tica (Euro 1960)<\/td><td>Uruguai (1959)<\/td><td>&#x274c;<\/td><\/tr><tr><td><strong>1970<\/strong><\/td><td>Brasil 4 x 1 It\u00e1lia<\/td><td>It\u00e1lia (Euro 1968)<\/td><td>Argentina (1967)<\/td><td>&#x274c;<\/td><\/tr><tr><td><strong>1978<\/strong><\/td><td>Argentina 3 x 1 Holanda<\/td><td>Tchecoslov\u00e1quia (Euro 1976)<\/td><td>Peru (1975)<\/td><td>&#x274c;<\/td><\/tr><tr><td><strong>1986<\/strong><\/td><td>Argentina 3 x 2 Alemanha Ocidental<\/td><td>Fran\u00e7a (Euro 1984)<\/td><td>Uruguai (1983)<\/td><td>&#x274c;<\/td><\/tr><tr><td><strong>1990<\/strong><\/td><td>Alemanha Ocidental 1 x 0 Argentina<\/td><td>Holanda (Euro 1988)<\/td><td>Brasil (1989)<\/td><td>&#x274c;<\/td><\/tr><tr><td><strong>1994<\/strong><\/td><td>Brasil 0 x 0 It\u00e1lia (3\u20132 p\u00ean.)<\/td><td>Dinamarca (Euro 1992)<\/td><td>Argentina (1993)<\/td><td>&#x274c;<\/td><\/tr><tr><td><strong>1998<\/strong><\/td><td>Fran\u00e7a 3 x 0 Brasil<\/td><td>Alemanha (Euro 1996)<\/td><td>Brasil (1997)<\/td><td>&#x274c;<\/td><\/tr><tr><td><strong>2002<\/strong><\/td><td>Brasil 2 x 0 Alemanha<\/td><td>Fran\u00e7a (Euro 2000)<\/td><td>Col\u00f4mbia (2001)<\/td><td>&#x274c;<\/td><\/tr><tr><td><strong>2014<\/strong><\/td><td>Alemanha 1 x 0 Argentina<\/td><td>Espanha (Euro 2012)<\/td><td>Uruguai (2011)<\/td><td>&#x274c;<\/td><\/tr><tr><td><strong>2022<\/strong><\/td><td>Argentina 3 x 3 Fran\u00e7a (4\u20132 p\u00ean.)<\/td><td>It\u00e1lia (Euro 2020)<\/td><td>Argentina (2021)<\/td><td>&#x274c;<\/td><\/tr><tr><td><strong>2026<\/strong><\/td><td>Espanha x Argentina<\/td><td><strong>Espanha (Euro 2024)<\/strong><\/td><td><strong>Argentina (Copa Am\u00e9rica 2024)<\/strong><\/td><td>&#x2705; <\/td><\/tr><\/tbody><\/table><\/figure>\n\n\n\n<p class=\"wp-block-paragraph\"><\/p>\n","protected":false},"excerpt":{"rendered":"<p>Felipe Belli, Oeste EsporteA final da Copa do Mundo de 2026 reservar\u00e1 um feito in\u00e9dito na hist\u00f3ria do futebol. Pela primeira vez,&hellip;<\/p>\n","protected":false},"author":5,"featured_media":11855,"comment_status":"open","ping_status":"open","sticky":false,"template":"","format":"standard","meta":{"footnotes":""},"categories":[18,8],"tags":[110,437,23,75,35,44,29],"class_list":["post-11853","post","type-post","status-publish","format-standard","has-post-thumbnail","hentry","category-final","category-ultimas-noticias","tag-110","tag-argentina","tag-copa-do-mundo","tag-copa-do-mundo-2026","tag-espanha","tag-fifa","tag-futebol"],"yoast_head":"<!-- This site is optimized with the Yoast SEO plugin v28.0 - https:\/\/yoast.com\/product\/yoast-seo-wordpress\/ -->\n<title>Final da Copa do Mundo ter\u00e1 duelo in\u00e9dito entre campe\u00e3s<\/title>\n<meta name=\"description\" content=\". Pela primeira vez, a decis\u00e3o do Mundial colocar\u00e1 frente a frente as atuais campe\u00e3s da Eurocopa e da Copa Am\u00e9rica.\" \/>\n<meta name=\"robots\" content=\"index, follow, max-snippet:-1, max-image-preview:large, max-video-preview:-1\" \/>\n<link rel=\"canonical\" href=\"https:\/\/www.revistaoeste.com\/esporte\/final-da-copa-do-mundo-tera-duelo-inedito-entre-campeas-da-euro-e-da-copa-america\/\" \/>\n<meta property=\"og:locale\" content=\"pt_BR\" \/>\n<meta property=\"og:type\" content=\"article\" \/>\n<meta property=\"og:title\" content=\"Final da Copa do Mundo ter\u00e1 duelo in\u00e9dito entre campe\u00e3s\" \/>\n<meta property=\"og:description\" content=\". Pela primeira vez, a decis\u00e3o do Mundial colocar\u00e1 frente a frente as atuais campe\u00e3s da Eurocopa e da Copa Am\u00e9rica.\" \/>\n<meta property=\"og:url\" content=\"https:\/\/www.revistaoeste.com\/esporte\/final-da-copa-do-mundo-tera-duelo-inedito-entre-campeas-da-euro-e-da-copa-america\/\" \/>\n<meta property=\"og:site_name\" content=\"Oeste Esporte\" \/>\n<meta property=\"article:publisher\" content=\"https:\/\/www.facebook.com\/oesterevista\/\" \/>\n<meta property=\"article:published_time\" content=\"2026-07-16T15:00:00+00:00\" \/>\n<meta property=\"article:modified_time\" content=\"2026-07-16T15:20:48+00:00\" \/>\n<meta property=\"og:image\" content=\"https:\/\/revistaoeste.com\/esporte\/wp-content\/uploads\/2026\/07\/Espanha-euro.png\" \/>\n\t<meta property=\"og:image:width\" content=\"639\" \/>\n\t<meta property=\"og:image:height\" content=\"425\" \/>\n\t<meta property=\"og:image:type\" content=\"image\/png\" \/>\n<meta name=\"author\" content=\"Oeste Esporte\" \/>\n<meta name=\"twitter:card\" content=\"summary_large_image\" \/>\n<meta name=\"twitter:creator\" content=\"@revistaoeste\" \/>\n<meta name=\"twitter:site\" content=\"@revistaoeste\" \/>\n<meta name=\"twitter:label1\" content=\"Escrito por\" \/>\n\t<meta name=\"twitter:data1\" content=\"Oeste Esporte\" \/>\n\t<meta name=\"twitter:label2\" content=\"Est. tempo de leitura\" \/>\n\t<meta name=\"twitter:data2\" content=\"3 minutos\" \/>\n<script type=\"application\/ld+json\" class=\"yoast-schema-graph\">{\"@context\":\"https:\\\/\\\/schema.org\",\"@graph\":[{\"@type\":\"Article\",\"@id\":\"https:\\\/\\\/www.revistaoeste.com\\\/esporte\\\/final-da-copa-do-mundo-tera-duelo-inedito-entre-campeas-da-euro-e-da-copa-america\\\/#article\",\"isPartOf\":{\"@id\":\"https:\\\/\\\/www.revistaoeste.com\\\/esporte\\\/final-da-copa-do-mundo-tera-duelo-inedito-entre-campeas-da-euro-e-da-copa-america\\\/\"},\"author\":{\"name\":\"Oeste Esporte\",\"@id\":\"https:\\\/\\\/revistaoeste.com\\\/esporte\\\/#\\\/schema\\\/person\\\/6622e4d5d99a35adf0de88128e8d66a9\"},\"headline\":\"Final da Copa do Mundo ter\u00e1 duelo in\u00e9dito entre campe\u00e3s da Euro e da Copa Am\u00e9rica\",\"datePublished\":\"2026-07-16T15:00:00+00:00\",\"dateModified\":\"2026-07-16T15:20:48+00:00\",\"mainEntityOfPage\":{\"@id\":\"https:\\\/\\\/www.revistaoeste.com\\\/esporte\\\/final-da-copa-do-mundo-tera-duelo-inedito-entre-campeas-da-euro-e-da-copa-america\\\/\"},\"wordCount\":366,\"commentCount\":0,\"publisher\":{\"@id\":\"https:\\\/\\\/revistaoeste.com\\\/esporte\\\/#organization\"},\"image\":{\"@id\":\"https:\\\/\\\/www.revistaoeste.com\\\/esporte\\\/final-da-copa-do-mundo-tera-duelo-inedito-entre-campeas-da-euro-e-da-copa-america\\\/#primaryimage\"},\"thumbnailUrl\":\"https:\\\/\\\/revistaoeste.com\\\/esporte\\\/wp-content\\\/uploads\\\/2026\\\/07\\\/Espanha-euro.png\",\"keywords\":[\"2026\",\"Argentina\",\"Copa do Mundo\",\"Copa do Mundo 2026\",\"Espanha\",\"FIFA\",\"futebol\"],\"articleSection\":[\"Final\",\"\u00daltimas Not\u00edcias\"],\"inLanguage\":\"pt-BR\",\"potentialAction\":[{\"@type\":\"CommentAction\",\"name\":\"Comment\",\"target\":[\"https:\\\/\\\/www.revistaoeste.com\\\/esporte\\\/final-da-copa-do-mundo-tera-duelo-inedito-entre-campeas-da-euro-e-da-copa-america\\\/#respond\"]}]},{\"@type\":\"WebPage\",\"@id\":\"https:\\\/\\\/www.revistaoeste.com\\\/esporte\\\/final-da-copa-do-mundo-tera-duelo-inedito-entre-campeas-da-euro-e-da-copa-america\\\/\",\"url\":\"https:\\\/\\\/www.revistaoeste.com\\\/esporte\\\/final-da-copa-do-mundo-tera-duelo-inedito-entre-campeas-da-euro-e-da-copa-america\\\/\",\"name\":\"Final da Copa do Mundo ter\u00e1 duelo in\u00e9dito entre campe\u00e3s\",\"isPartOf\":{\"@id\":\"https:\\\/\\\/revistaoeste.com\\\/esporte\\\/#website\"},\"primaryImageOfPage\":{\"@id\":\"https:\\\/\\\/www.revistaoeste.com\\\/esporte\\\/final-da-copa-do-mundo-tera-duelo-inedito-entre-campeas-da-euro-e-da-copa-america\\\/#primaryimage\"},\"image\":{\"@id\":\"https:\\\/\\\/www.revistaoeste.com\\\/esporte\\\/final-da-copa-do-mundo-tera-duelo-inedito-entre-campeas-da-euro-e-da-copa-america\\\/#primaryimage\"},\"thumbnailUrl\":\"https:\\\/\\\/revistaoeste.com\\\/esporte\\\/wp-content\\\/uploads\\\/2026\\\/07\\\/Espanha-euro.png\",\"datePublished\":\"2026-07-16T15:00:00+00:00\",\"dateModified\":\"2026-07-16T15:20:48+00:00\",\"description\":\". Pela primeira vez, a decis\u00e3o do Mundial colocar\u00e1 frente a frente as atuais campe\u00e3s da Eurocopa e da Copa Am\u00e9rica.\",\"breadcrumb\":{\"@id\":\"https:\\\/\\\/www.revistaoeste.com\\\/esporte\\\/final-da-copa-do-mundo-tera-duelo-inedito-entre-campeas-da-euro-e-da-copa-america\\\/#breadcrumb\"},\"inLanguage\":\"pt-BR\",\"potentialAction\":[{\"@type\":\"ReadAction\",\"target\":[\"https:\\\/\\\/www.revistaoeste.com\\\/esporte\\\/final-da-copa-do-mundo-tera-duelo-inedito-entre-campeas-da-euro-e-da-copa-america\\\/\"]}]},{\"@type\":\"ImageObject\",\"inLanguage\":\"pt-BR\",\"@id\":\"https:\\\/\\\/www.revistaoeste.com\\\/esporte\\\/final-da-copa-do-mundo-tera-duelo-inedito-entre-campeas-da-euro-e-da-copa-america\\\/#primaryimage\",\"url\":\"https:\\\/\\\/revistaoeste.com\\\/esporte\\\/wp-content\\\/uploads\\\/2026\\\/07\\\/Espanha-euro.png\",\"contentUrl\":\"https:\\\/\\\/revistaoeste.com\\\/esporte\\\/wp-content\\\/uploads\\\/2026\\\/07\\\/Espanha-euro.png\",\"width\":639,\"height\":425,\"caption\":\"Espanha campe\u00e3 da Euro 2024 | Foto: reprodu\u00e7\u00e3o\\\/SEF\"},{\"@type\":\"BreadcrumbList\",\"@id\":\"https:\\\/\\\/www.revistaoeste.com\\\/esporte\\\/final-da-copa-do-mundo-tera-duelo-inedito-entre-campeas-da-euro-e-da-copa-america\\\/#breadcrumb\",\"itemListElement\":[{\"@type\":\"ListItem\",\"position\":1,\"name\":\"In\u00edcio\",\"item\":\"https:\\\/\\\/revistaoeste.com\\\/esporte\\\/\"},{\"@type\":\"ListItem\",\"position\":2,\"name\":\"Final da Copa do Mundo ter\u00e1 duelo in\u00e9dito entre campe\u00e3s da Euro e da Copa Am\u00e9rica\"}]},{\"@type\":\"WebSite\",\"@id\":\"https:\\\/\\\/revistaoeste.com\\\/esporte\\\/#website\",\"url\":\"https:\\\/\\\/revistaoeste.com\\\/esporte\\\/\",\"name\":\"Oeste Esporte\",\"description\":\"Copa sem Firula\",\"publisher\":{\"@id\":\"https:\\\/\\\/revistaoeste.com\\\/esporte\\\/#organization\"},\"potentialAction\":[{\"@type\":\"SearchAction\",\"target\":{\"@type\":\"EntryPoint\",\"urlTemplate\":\"https:\\\/\\\/revistaoeste.com\\\/esporte\\\/?s={search_term_string}\"},\"query-input\":{\"@type\":\"PropertyValueSpecification\",\"valueRequired\":true,\"valueName\":\"search_term_string\"}}],\"inLanguage\":\"pt-BR\"},{\"@type\":\"Organization\",\"@id\":\"https:\\\/\\\/revistaoeste.com\\\/esporte\\\/#organization\",\"name\":\"Oeste Esporte\",\"url\":\"https:\\\/\\\/revistaoeste.com\\\/esporte\\\/\",\"logo\":{\"@type\":\"ImageObject\",\"inLanguage\":\"pt-BR\",\"@id\":\"https:\\\/\\\/revistaoeste.com\\\/esporte\\\/#\\\/schema\\\/logo\\\/image\\\/\",\"url\":\"https:\\\/\\\/revistaoeste.com\\\/esporte\\\/wp-content\\\/uploads\\\/2026\\\/03\\\/avatar.jpg\",\"contentUrl\":\"https:\\\/\\\/revistaoeste.com\\\/esporte\\\/wp-content\\\/uploads\\\/2026\\\/03\\\/avatar.jpg\",\"width\":500,\"height\":500,\"caption\":\"Oeste Esporte\"},\"image\":{\"@id\":\"https:\\\/\\\/revistaoeste.com\\\/esporte\\\/#\\\/schema\\\/logo\\\/image\\\/\"},\"sameAs\":[\"https:\\\/\\\/www.facebook.com\\\/oesterevista\\\/\",\"https:\\\/\\\/x.com\\\/revistaoeste\",\"https:\\\/\\\/www.youtube.com\\\/@OesteEsporte\",\"https:\\\/\\\/www.instagram.com\\\/revistaoeste\\\/\"]},{\"@type\":\"Person\",\"@id\":\"https:\\\/\\\/revistaoeste.com\\\/esporte\\\/#\\\/schema\\\/person\\\/6622e4d5d99a35adf0de88128e8d66a9\",\"name\":\"Oeste Esporte\",\"image\":{\"@type\":\"ImageObject\",\"inLanguage\":\"pt-BR\",\"@id\":\"https:\\\/\\\/secure.gravatar.com\\\/avatar\\\/8a2c5501fe5eb922c6c1838ad6a759fe758ecb18b48e36083e67f353c16e08ac?s=96&d=mm&r=g\",\"url\":\"https:\\\/\\\/secure.gravatar.com\\\/avatar\\\/8a2c5501fe5eb922c6c1838ad6a759fe758ecb18b48e36083e67f353c16e08ac?s=96&d=mm&r=g\",\"contentUrl\":\"https:\\\/\\\/secure.gravatar.com\\\/avatar\\\/8a2c5501fe5eb922c6c1838ad6a759fe758ecb18b48e36083e67f353c16e08ac?s=96&d=mm&r=g\",\"caption\":\"Oeste Esporte\"},\"url\":\"https:\\\/\\\/www.revistaoeste.com\\\/esporte\\\/author\\\/felipebellirevistaoeste-com\\\/\"}]}<\/script>\n<!-- \/ Yoast SEO plugin. -->","yoast_head_json":{"title":"Final da Copa do Mundo ter\u00e1 duelo in\u00e9dito entre campe\u00e3s","description":". Pela primeira vez, a decis\u00e3o do Mundial colocar\u00e1 frente a frente as atuais campe\u00e3s da Eurocopa e da Copa Am\u00e9rica.","robots":{"index":"index","follow":"follow","max-snippet":"max-snippet:-1","max-image-preview":"max-image-preview:large","max-video-preview":"max-video-preview:-1"},"canonical":"https:\/\/www.revistaoeste.com\/esporte\/final-da-copa-do-mundo-tera-duelo-inedito-entre-campeas-da-euro-e-da-copa-america\/","og_locale":"pt_BR","og_type":"article","og_title":"Final da Copa do Mundo ter\u00e1 duelo in\u00e9dito entre campe\u00e3s","og_description":". Pela primeira vez, a decis\u00e3o do Mundial colocar\u00e1 frente a frente as atuais campe\u00e3s da Eurocopa e da Copa Am\u00e9rica.","og_url":"https:\/\/www.revistaoeste.com\/esporte\/final-da-copa-do-mundo-tera-duelo-inedito-entre-campeas-da-euro-e-da-copa-america\/","og_site_name":"Oeste Esporte","article_publisher":"https:\/\/www.facebook.com\/oesterevista\/","article_published_time":"2026-07-16T15:00:00+00:00","article_modified_time":"2026-07-16T15:20:48+00:00","og_image":[{"width":639,"height":425,"url":"https:\/\/revistaoeste.com\/esporte\/wp-content\/uploads\/2026\/07\/Espanha-euro.png","type":"image\/png"}],"author":"Oeste Esporte","twitter_card":"summary_large_image","twitter_creator":"@revistaoeste","twitter_site":"@revistaoeste","twitter_misc":{"Escrito por":"Oeste Esporte","Est. tempo de leitura":"3 minutos"},"schema":{"@context":"https:\/\/schema.org","@graph":[{"@type":"Article","@id":"https:\/\/www.revistaoeste.com\/esporte\/final-da-copa-do-mundo-tera-duelo-inedito-entre-campeas-da-euro-e-da-copa-america\/#article","isPartOf":{"@id":"https:\/\/www.revistaoeste.com\/esporte\/final-da-copa-do-mundo-tera-duelo-inedito-entre-campeas-da-euro-e-da-copa-america\/"},"author":{"name":"Oeste Esporte","@id":"https:\/\/revistaoeste.com\/esporte\/#\/schema\/person\/6622e4d5d99a35adf0de88128e8d66a9"},"headline":"Final da Copa do Mundo ter\u00e1 duelo in\u00e9dito entre campe\u00e3s da Euro e da Copa Am\u00e9rica","datePublished":"2026-07-16T15:00:00+00:00","dateModified":"2026-07-16T15:20:48+00:00","mainEntityOfPage":{"@id":"https:\/\/www.revistaoeste.com\/esporte\/final-da-copa-do-mundo-tera-duelo-inedito-entre-campeas-da-euro-e-da-copa-america\/"},"wordCount":366,"commentCount":0,"publisher":{"@id":"https:\/\/revistaoeste.com\/esporte\/#organization"},"image":{"@id":"https:\/\/www.revistaoeste.com\/esporte\/final-da-copa-do-mundo-tera-duelo-inedito-entre-campeas-da-euro-e-da-copa-america\/#primaryimage"},"thumbnailUrl":"https:\/\/revistaoeste.com\/esporte\/wp-content\/uploads\/2026\/07\/Espanha-euro.png","keywords":["2026","Argentina","Copa do Mundo","Copa do Mundo 2026","Espanha","FIFA","futebol"],"articleSection":["Final","\u00daltimas Not\u00edcias"],"inLanguage":"pt-BR","potentialAction":[{"@type":"CommentAction","name":"Comment","target":["https:\/\/www.revistaoeste.com\/esporte\/final-da-copa-do-mundo-tera-duelo-inedito-entre-campeas-da-euro-e-da-copa-america\/#respond"]}]},{"@type":"WebPage","@id":"https:\/\/www.revistaoeste.com\/esporte\/final-da-copa-do-mundo-tera-duelo-inedito-entre-campeas-da-euro-e-da-copa-america\/","url":"https:\/\/www.revistaoeste.com\/esporte\/final-da-copa-do-mundo-tera-duelo-inedito-entre-campeas-da-euro-e-da-copa-america\/","name":"Final da Copa do Mundo ter\u00e1 duelo in\u00e9dito entre campe\u00e3s","isPartOf":{"@id":"https:\/\/revistaoeste.com\/esporte\/#website"},"primaryImageOfPage":{"@id":"https:\/\/www.revistaoeste.com\/esporte\/final-da-copa-do-mundo-tera-duelo-inedito-entre-campeas-da-euro-e-da-copa-america\/#primaryimage"},"image":{"@id":"https:\/\/www.revistaoeste.com\/esporte\/final-da-copa-do-mundo-tera-duelo-inedito-entre-campeas-da-euro-e-da-copa-america\/#primaryimage"},"thumbnailUrl":"https:\/\/revistaoeste.com\/esporte\/wp-content\/uploads\/2026\/07\/Espanha-euro.png","datePublished":"2026-07-16T15:00:00+00:00","dateModified":"2026-07-16T15:20:48+00:00","description":". Pela primeira vez, a decis\u00e3o do Mundial colocar\u00e1 frente a frente as atuais campe\u00e3s da Eurocopa e da Copa Am\u00e9rica.","breadcrumb":{"@id":"https:\/\/www.revistaoeste.com\/esporte\/final-da-copa-do-mundo-tera-duelo-inedito-entre-campeas-da-euro-e-da-copa-america\/#breadcrumb"},"inLanguage":"pt-BR","potentialAction":[{"@type":"ReadAction","target":["https:\/\/www.revistaoeste.com\/esporte\/final-da-copa-do-mundo-tera-duelo-inedito-entre-campeas-da-euro-e-da-copa-america\/"]}]},{"@type":"ImageObject","inLanguage":"pt-BR","@id":"https:\/\/www.revistaoeste.com\/esporte\/final-da-copa-do-mundo-tera-duelo-inedito-entre-campeas-da-euro-e-da-copa-america\/#primaryimage","url":"https:\/\/revistaoeste.com\/esporte\/wp-content\/uploads\/2026\/07\/Espanha-euro.png","contentUrl":"https:\/\/revistaoeste.com\/esporte\/wp-content\/uploads\/2026\/07\/Espanha-euro.png","width":639,"height":425,"caption":"Espanha campe\u00e3 da Euro 2024 | Foto: reprodu\u00e7\u00e3o\/SEF"},{"@type":"BreadcrumbList","@id":"https:\/\/www.revistaoeste.com\/esporte\/final-da-copa-do-mundo-tera-duelo-inedito-entre-campeas-da-euro-e-da-copa-america\/#breadcrumb","itemListElement":[{"@type":"ListItem","position":1,"name":"In\u00edcio","item":"https:\/\/revistaoeste.com\/esporte\/"},{"@type":"ListItem","position":2,"name":"Final da Copa do Mundo ter\u00e1 duelo in\u00e9dito entre campe\u00e3s da Euro e da Copa Am\u00e9rica"}]},{"@type":"WebSite","@id":"https:\/\/revistaoeste.com\/esporte\/#website","url":"https:\/\/revistaoeste.com\/esporte\/","name":"Oeste Esporte","description":"Copa sem Firula","publisher":{"@id":"https:\/\/revistaoeste.com\/esporte\/#organization"},"potentialAction":[{"@type":"SearchAction","target":{"@type":"EntryPoint","urlTemplate":"https:\/\/revistaoeste.com\/esporte\/?s={search_term_string}"},"query-input":{"@type":"PropertyValueSpecification","valueRequired":true,"valueName":"search_term_string"}}],"inLanguage":"pt-BR"},{"@type":"Organization","@id":"https:\/\/revistaoeste.com\/esporte\/#organization","name":"Oeste Esporte","url":"https:\/\/revistaoeste.com\/esporte\/","logo":{"@type":"ImageObject","inLanguage":"pt-BR","@id":"https:\/\/revistaoeste.com\/esporte\/#\/schema\/logo\/image\/","url":"https:\/\/revistaoeste.com\/esporte\/wp-content\/uploads\/2026\/03\/avatar.jpg","contentUrl":"https:\/\/revistaoeste.com\/esporte\/wp-content\/uploads\/2026\/03\/avatar.jpg","width":500,"height":500,"caption":"Oeste Esporte"},"image":{"@id":"https:\/\/revistaoeste.com\/esporte\/#\/schema\/logo\/image\/"},"sameAs":["https:\/\/www.facebook.com\/oesterevista\/","https:\/\/x.com\/revistaoeste","https:\/\/www.youtube.com\/@OesteEsporte","https:\/\/www.instagram.com\/revistaoeste\/"]},{"@type":"Person","@id":"https:\/\/revistaoeste.com\/esporte\/#\/schema\/person\/6622e4d5d99a35adf0de88128e8d66a9","name":"Oeste Esporte","image":{"@type":"ImageObject","inLanguage":"pt-BR","@id":"https:\/\/secure.gravatar.com\/avatar\/8a2c5501fe5eb922c6c1838ad6a759fe758ecb18b48e36083e67f353c16e08ac?s=96&d=mm&r=g","url":"https:\/\/secure.gravatar.com\/avatar\/8a2c5501fe5eb922c6c1838ad6a759fe758ecb18b48e36083e67f353c16e08ac?s=96&d=mm&r=g","contentUrl":"https:\/\/secure.gravatar.com\/avatar\/8a2c5501fe5eb922c6c1838ad6a759fe758ecb18b48e36083e67f353c16e08ac?s=96&d=mm&r=g","caption":"Oeste Esporte"},"url":"https:\/\/www.revistaoeste.com\/esporte\/author\/felipebellirevistaoeste-com\/"}]}},"_links":{"self":[{"href":"https:\/\/www.revistaoeste.com\/esporte\/wp-json\/wp\/v2\/posts\/11853","targetHints":{"allow":["GET"]}}],"collection":[{"href":"https:\/\/www.revistaoeste.com\/esporte\/wp-json\/wp\/v2\/posts"}],"about":[{"href":"https:\/\/www.revistaoeste.com\/esporte\/wp-json\/wp\/v2\/types\/post"}],"author":[{"embeddable":true,"href":"https:\/\/www.revistaoeste.com\/esporte\/wp-json\/wp\/v2\/users\/5"}],"replies":[{"embeddable":true,"href":"https:\/\/www.revistaoeste.com\/esporte\/wp-json\/wp\/v2\/comments?post=11853"}],"version-history":[{"count":2,"href":"https:\/\/www.revistaoeste.com\/esporte\/wp-json\/wp\/v2\/posts\/11853\/revisions"}],"predecessor-version":[{"id":11857,"href":"https:\/\/www.revistaoeste.com\/esporte\/wp-json\/wp\/v2\/posts\/11853\/revisions\/11857"}],"wp:featuredmedia":[{"embeddable":true,"href":"https:\/\/www.revistaoeste.com\/esporte\/wp-json\/wp\/v2\/media\/11855"}],"wp:attachment":[{"href":"https:\/\/www.revistaoeste.com\/esporte\/wp-json\/wp\/v2\/media?parent=11853"}],"wp:term":[{"taxonomy":"category","embeddable":true,"href":"https:\/\/www.revistaoeste.com\/esporte\/wp-json\/wp\/v2\/categories?post=11853"},{"taxonomy":"post_tag","embeddable":true,"href":"https:\/\/www.revistaoeste.com\/esporte\/wp-json\/wp\/v2\/tags?post=11853"}],"curies":[{"name":"wp","href":"https:\/\/api.w.org\/{rel}","templated":true}]}}