{"id":11439,"date":"2026-07-13T14:00:00","date_gmt":"2026-07-13T17:00:00","guid":{"rendered":"https:\/\/revistaoeste.com\/esporte\/?p=11439"},"modified":"2026-07-13T13:21:13","modified_gmt":"2026-07-13T16:21:13","slug":"dia-mundial-do-rock-10-lendas-da-musica-que-nunca-esconderam-a-paixao-pelo-futebol","status":"publish","type":"post","link":"https:\/\/www.revistaoeste.com\/esporte\/dia-mundial-do-rock-10-lendas-da-musica-que-nunca-esconderam-a-paixao-pelo-futebol\/","title":{"rendered":"Dia Mundial do Rock: 10 lendas da m\u00fasica que nunca esconderam a paix\u00e3o pelo futebol"},"content":{"rendered":"\n<p class=\"wp-block-paragraph\"><strong>Felipe Belli, Oeste Esporte<br><\/strong><br>A rela\u00e7\u00e3o entre m\u00fasica e futebol sempre foi muito pr\u00f3xima. No Dia Mundial do Rock, celebrado em 13 de julho, relembramos artistas que fazem quest\u00e3o de demonstrar o amor por seus clubes, seja frequentando est\u00e1dios, participando de campanhas, patrocinando equipes ou at\u00e9 inspirando uniformes oficiais.<\/p>\n\n\n\n<p class=\"wp-block-paragraph\"><strong>+ Leia mais not\u00edcias de&nbsp;<a  href=\"https:\/\/revistaoeste.com\/esporte\/\"  target=\"_blank\" rel=\"noopener noreferrer\">Oeste Esporte<\/a><\/strong><\/p>\n\n\n\n<h2 class=\"wp-block-heading\">Liam e Noel Gallagher \u2014 Manchester City<\/h2>\n\n\n\n<p class=\"wp-block-paragraph\">Os irm\u00e3os Liam e Noel Gallagher, fundadores do Oasis, s\u00e3o torcedores fan\u00e1ticos do Manchester City desde a inf\u00e2ncia. A liga\u00e7\u00e3o da banda com o clube aparece at\u00e9 na ic\u00f4nica capa de <em>Definitely Maybe<\/em> (1994), que traz uma foto do ex-jogador Rodney Marsh, um dos \u00eddolos da hist\u00f3ria dos Citizens. Em 2024, o City lan\u00e7ou o uniforme especial &#8220;<em>Definitely City<\/em>&#8220;, inspirado nos 30 anos do \u00e1lbum e desenvolvido em parceria com Noel Gallagher.<br><br>A paix\u00e3o pelo clube tamb\u00e9m marca a turn\u00ea de reuni\u00e3o do Oasis em 2025: antes da m\u00fasica &#8220;Cigarettes &amp; Alcohol&#8221;, Liam e Noel incentivam o p\u00fablico a fazer o tradicional <em>Pozna\u0144<\/em>, comemora\u00e7\u00e3o eternizada pela torcida do Manchester City, em que os torcedores ficam de costas para o gramado, d\u00e3o os bra\u00e7os e saltam em conjunto ao ritmo da m\u00fasica.<\/p>\n\n\n\n<figure class=\"wp-block-image size-full\"><img loading=\"lazy\" decoding=\"async\" width=\"683\" height=\"449\" src=\"https:\/\/revistaoeste.com\/esporte\/wp-content\/uploads\/2026\/07\/Gallaghers-city.png\" alt=\"\" class=\"wp-image-11441\" srcset=\"https:\/\/revistaoeste.com\/esporte\/wp-content\/uploads\/2026\/07\/Gallaghers-city.png 683w, https:\/\/revistaoeste.com\/esporte\/wp-content\/uploads\/2026\/07\/Gallaghers-city-300x197.png 300w\" sizes=\"auto, (max-width: 683px) 100vw, 683px\" \/><figcaption class=\"wp-element-caption\">Noel e Liam Gallagher com uniformes do Manchester City nos anos 90 <\/figcaption><\/figure>\n\n\n\n<h2 class=\"wp-block-heading\">Ozzy Osbourne \u2014 Aston Villa<\/h2>\n\n\n\n<p class=\"wp-block-paragraph\">Nascido em Birmingham, Ozzy Osbourne sempre foi um apaixonado pelo Aston Villa. A conex\u00e3o entre o clube e o vocalista do Black Sabbath ganhou um novo cap\u00edtulo na temporada 2024\/25, quando os Villans lan\u00e7aram um uniforme especial inspirado na banda que revolucionou o heavy metal. Ozzy participou da campanha de divulga\u00e7\u00e3o ao lado do baixista Geezer Butler, refor\u00e7ando a uni\u00e3o entre dois dos maiores s\u00edmbolos da cidade.<\/p>\n\n\n\n<figure class=\"wp-block-image size-full\"><img loading=\"lazy\" decoding=\"async\" width=\"640\" height=\"360\" src=\"https:\/\/revistaoeste.com\/esporte\/wp-content\/uploads\/2026\/07\/ozzy.png\" alt=\"\" class=\"wp-image-11442\" srcset=\"https:\/\/revistaoeste.com\/esporte\/wp-content\/uploads\/2026\/07\/ozzy.png 640w, https:\/\/revistaoeste.com\/esporte\/wp-content\/uploads\/2026\/07\/ozzy-300x169.png 300w\" sizes=\"auto, (max-width: 640px) 100vw, 640px\" \/><figcaption class=\"wp-element-caption\">Ozzy Osbourne com o uniforme do Aston Villa em sua Homenagem<\/figcaption><\/figure>\n\n\n\n<h2 class=\"wp-block-heading\">Steve Harris (Iron Maiden) \u2014 West Ham<\/h2>\n\n\n\n<p class=\"wp-block-paragraph\">Fundador e baixista do Iron Maiden, Steve Harris \u00e9 um dos torcedores mais famosos do West Ham. Frequentador do est\u00e1dio desde crian\u00e7a, ele costuma utilizar um baixo personalizado com o escudo dos Hammers durante shows da banda. A parceria entre clube e Iron Maiden tamb\u00e9m rendeu cole\u00e7\u00f5es especiais de camisas e produtos licenciados que fizeram sucesso entre f\u00e3s de futebol e rock.<\/p>\n\n\n\n<figure class=\"wp-block-image size-full\"><img loading=\"lazy\" decoding=\"async\" width=\"639\" height=\"457\" src=\"https:\/\/revistaoeste.com\/esporte\/wp-content\/uploads\/2026\/07\/Steve-Harris.png\" alt=\"\" class=\"wp-image-11443\" srcset=\"https:\/\/revistaoeste.com\/esporte\/wp-content\/uploads\/2026\/07\/Steve-Harris.png 639w, https:\/\/revistaoeste.com\/esporte\/wp-content\/uploads\/2026\/07\/Steve-Harris-300x215.png 300w\" sizes=\"auto, (max-width: 639px) 100vw, 639px\" \/><figcaption class=\"wp-element-caption\">Zagueiro James Collins junto com o baixista do Iron Maiden Steve Harris<\/figcaption><\/figure>\n\n\n\n<h2 class=\"wp-block-heading\">Elton John \u2014 Watford<\/h2>\n\n\n\n<p class=\"wp-block-paragraph\">A rela\u00e7\u00e3o de Elton John com o Watford vai muito al\u00e9m da torcida. O cantor foi propriet\u00e1rio e presidente do clube em diferentes per\u00edodos, ajudando a transformar a equipe. Durante sua gest\u00e3o, o Watford saiu das divis\u00f5es inferiores e chegou \u00e0 elite do futebol ingl\u00eas e at\u00e9 a uma final da Copa da Inglaterra. Em reconhecimento, uma das arquibancadas de Vicarage Road recebeu o nome de Sir Elton John Stand.<\/p>\n\n\n\n<figure class=\"wp-block-image size-full\"><img loading=\"lazy\" decoding=\"async\" width=\"640\" height=\"360\" src=\"https:\/\/revistaoeste.com\/esporte\/wp-content\/uploads\/2026\/07\/Elton-Jhon.png\" alt=\"\" class=\"wp-image-11444\" srcset=\"https:\/\/revistaoeste.com\/esporte\/wp-content\/uploads\/2026\/07\/Elton-Jhon.png 640w, https:\/\/revistaoeste.com\/esporte\/wp-content\/uploads\/2026\/07\/Elton-Jhon-300x169.png 300w\" sizes=\"auto, (max-width: 640px) 100vw, 640px\" \/><figcaption class=\"wp-element-caption\">Elton John j\u00e1 foi presidente do Watford<\/figcaption><\/figure>\n\n\n\n<h2 class=\"wp-block-heading\">Alex Turner \u2014 Sheffield Wednesday<\/h2>\n\n\n\n<p class=\"wp-block-paragraph\">Natural de Sheffield, o vocalista do Arctic Monkeys, Alex Turner, nunca escondeu sua identifica\u00e7\u00e3o com o Sheffield Wednesday. O m\u00fasico j\u00e1 foi visto acompanhando partidas em Hillsborough e frequentemente faz refer\u00eancias \u00e0 cidade natal em entrevistas e m\u00fasicas, mantendo viva sua liga\u00e7\u00e3o com um dos clubes mais tradicionais da Inglaterra.<\/p>\n\n\n\n<figure class=\"wp-block-image size-full\"><img loading=\"lazy\" decoding=\"async\" width=\"447\" height=\"398\" src=\"https:\/\/revistaoeste.com\/esporte\/wp-content\/uploads\/2026\/07\/alex-turner.png\" alt=\"\" class=\"wp-image-11446\" srcset=\"https:\/\/revistaoeste.com\/esporte\/wp-content\/uploads\/2026\/07\/alex-turner.png 447w, https:\/\/revistaoeste.com\/esporte\/wp-content\/uploads\/2026\/07\/alex-turner-300x267.png 300w\" sizes=\"auto, (max-width: 447px) 100vw, 447px\" \/><figcaption class=\"wp-element-caption\">Alex Turner junto com torcedor no est\u00e1dio do Sheffield Wednesday<\/figcaption><\/figure>\n\n\n\n<h2 class=\"wp-block-heading\">Ed Sheeran \u2014 Ipswich Town<\/h2>\n\n\n\n<p class=\"wp-block-paragraph\">Torcedor declarado do Ipswich Town, Ed Sheeran se tornou um dos grandes respons\u00e1veis pela valoriza\u00e7\u00e3o do clube nos \u00faltimos anos. O cantor estampou sua marca nas camisas como patrocinador master, tornou-se acionista minorit\u00e1rio da equipe e \u00e9 presen\u00e7a constante em Portman Road. Tamb\u00e9m j\u00e1 foi visto diversas vezes no vesti\u00e1rio conversando com os jogadores e at\u00e9 realizando apresenta\u00e7\u00f5es para o elenco em momentos especiais.<\/p>\n\n\n\n<figure class=\"wp-block-image size-full\"><img loading=\"lazy\" decoding=\"async\" width=\"640\" height=\"381\" src=\"https:\/\/revistaoeste.com\/esporte\/wp-content\/uploads\/2026\/07\/Ed-Sheeran.png\" alt=\"\" class=\"wp-image-11445\" srcset=\"https:\/\/revistaoeste.com\/esporte\/wp-content\/uploads\/2026\/07\/Ed-Sheeran.png 640w, https:\/\/revistaoeste.com\/esporte\/wp-content\/uploads\/2026\/07\/Ed-Sheeran-300x179.png 300w\" sizes=\"auto, (max-width: 640px) 100vw, 640px\" \/><figcaption class=\"wp-element-caption\">Ed Sheeran nas cabines do est\u00e1dio do Ipswich Town<\/figcaption><\/figure>\n\n\n\n<h2 class=\"wp-block-heading\">Chor\u00e3o \u2014 Santos<\/h2>\n\n\n\n<p class=\"wp-block-paragraph\">O eterno vocalista do Charlie Brown Jr. era um apaixonado pelo Santos. A identifica\u00e7\u00e3o entre clube e banda \u00e9 t\u00e3o forte que o Peixe j\u00e1 lan\u00e7ou duas cole\u00e7\u00f5es especiais inspiradas no grupo, al\u00e9m de diversas homenagens ao cantor. Chor\u00e3o tamb\u00e9m fazia quest\u00e3o de acompanhar o Santos e demonstrava frequentemente seu carinho pelo clube.<\/p>\n\n\n\n<figure class=\"wp-block-image size-full\"><img loading=\"lazy\" decoding=\"async\" width=\"640\" height=\"426\" src=\"https:\/\/revistaoeste.com\/esporte\/wp-content\/uploads\/2026\/07\/chorao.png\" alt=\"\" class=\"wp-image-11447\" srcset=\"https:\/\/revistaoeste.com\/esporte\/wp-content\/uploads\/2026\/07\/chorao.png 640w, https:\/\/revistaoeste.com\/esporte\/wp-content\/uploads\/2026\/07\/chorao-300x200.png 300w, https:\/\/revistaoeste.com\/esporte\/wp-content\/uploads\/2026\/07\/chorao-360x240.png 360w, https:\/\/revistaoeste.com\/esporte\/wp-content\/uploads\/2026\/07\/chorao-180x120.png 180w\" sizes=\"auto, (max-width: 640px) 100vw, 640px\" \/><figcaption class=\"wp-element-caption\">Chor\u00e3o em uma apresenta\u00e7\u00e3o antes de um jogo do Santos na Vila Belmiro<\/figcaption><\/figure>\n\n\n\n<h2 class=\"wp-block-heading\">Rod Stewart \u2014 Celtic<\/h2>\n\n\n\n<p class=\"wp-block-paragraph\">O cantor Rod Stewart \u00e9 um dos torcedores mais ilustres do Celtic. Sempre que pode, acompanha jogos da equipe escocesa e costuma aparecer nas arquibancadas comemorando t\u00edtulos. Em diversas entrevistas, o artista afirmou que o Celtic ocupa um lugar especial em sua vida e faz parte de sua hist\u00f3ria desde a inf\u00e2ncia.<\/p>\n\n\n\n<figure class=\"wp-block-image size-full\"><img loading=\"lazy\" decoding=\"async\" width=\"640\" height=\"431\" src=\"https:\/\/revistaoeste.com\/esporte\/wp-content\/uploads\/2026\/07\/Rod-Stewart.png\" alt=\"\" class=\"wp-image-11448\" srcset=\"https:\/\/revistaoeste.com\/esporte\/wp-content\/uploads\/2026\/07\/Rod-Stewart.png 640w, https:\/\/revistaoeste.com\/esporte\/wp-content\/uploads\/2026\/07\/Rod-Stewart-300x202.png 300w, https:\/\/revistaoeste.com\/esporte\/wp-content\/uploads\/2026\/07\/Rod-Stewart-180x120.png 180w\" sizes=\"auto, (max-width: 640px) 100vw, 640px\" \/><figcaption class=\"wp-element-caption\">Rod Stewart e netos em jogo do Celtic<\/figcaption><\/figure>\n\n\n\n<h2 class=\"wp-block-heading\">Mick Hucknall (Simply Red) \u2014 Manchester United<\/h2>\n\n\n\n<p class=\"wp-block-paragraph\">Vocalista do Simply Red, Mick Hucknall \u00e9 torcedor declarado do Manchester United. Frequentador ass\u00edduo de Old Trafford, o cantor acompanha a equipe h\u00e1 d\u00e9cadas e j\u00e1 participou de diversos eventos ligados ao clube, sendo uma das celebridades mais associadas aos Red Devils.<\/p>\n\n\n\n<h2 class=\"wp-block-heading\">Herbert Vianna \u2014 Flamengo<\/h2>\n\n\n\n<p class=\"wp-block-paragraph\">L\u00edder dos Paralamas do Sucesso, Herbert Vianna \u00e9 um conhecido torcedor do Flamengo. O m\u00fasico j\u00e1 declarou diversas vezes seu amor pelo Rubro-Negro e costuma acompanhar a equipe sempre que poss\u00edvel, sendo um dos grandes nomes do rock nacional ligados ao clube carioca.<\/p>\n\n\n\n<figure class=\"wp-block-image size-full\"><img loading=\"lazy\" decoding=\"async\" width=\"267\" height=\"189\" src=\"https:\/\/revistaoeste.com\/esporte\/wp-content\/uploads\/2026\/07\/herbert-viana.png\" alt=\"\" class=\"wp-image-11449\"\/><figcaption class=\"wp-element-caption\">Herbert Vianna torcedor do Flamengo<\/figcaption><\/figure>\n","protected":false},"excerpt":{"rendered":"<p>Felipe Belli, Oeste EsporteA rela\u00e7\u00e3o entre m\u00fasica e futebol sempre foi muito pr\u00f3xima. No Dia Mundial do Rock, celebrado em 13 de&hellip;<\/p>\n","protected":false},"author":5,"featured_media":11451,"comment_status":"open","ping_status":"open","sticky":false,"template":"","format":"standard","meta":{"footnotes":""},"categories":[8],"tags":[3674,3672,29,3673,3423,3675,3671],"class_list":["post-11439","post","type-post","status-publish","format-standard","has-post-thumbnail","hentry","category-ultimas-noticias","tag-alex-turner","tag-dia-mundial-do-rock","tag-futebol","tag-gallagher","tag-oasis","tag-ozzy-osborne","tag-rock"],"yoast_head":"<!-- This site is optimized with the Yoast SEO plugin v28.0 - https:\/\/yoast.com\/product\/yoast-seo-wordpress\/ -->\n<title>10 lendas da m\u00fasica que nunca esconderam a paix\u00e3o pelo futebol<\/title>\n<meta name=\"description\" content=\"relembramos artistas que fazem quest\u00e3o de demonstrar o amor por seus clubes, seja frequentando est\u00e1dios, participando de campanhas, patrocinando equipes ou at\u00e9 inspirando uniformes oficiais.\" \/>\n<meta name=\"robots\" content=\"index, follow, max-snippet:-1, max-image-preview:large, max-video-preview:-1\" \/>\n<link rel=\"canonical\" href=\"https:\/\/www.revistaoeste.com\/esporte\/dia-mundial-do-rock-10-lendas-da-musica-que-nunca-esconderam-a-paixao-pelo-futebol\/\" \/>\n<meta property=\"og:locale\" content=\"pt_BR\" \/>\n<meta property=\"og:type\" content=\"article\" \/>\n<meta property=\"og:title\" content=\"10 lendas da m\u00fasica que nunca esconderam a paix\u00e3o pelo futebol\" \/>\n<meta property=\"og:description\" content=\"relembramos artistas que fazem quest\u00e3o de demonstrar o amor por seus clubes, seja frequentando est\u00e1dios, participando de campanhas, patrocinando equipes ou at\u00e9 inspirando uniformes oficiais.\" \/>\n<meta property=\"og:url\" content=\"https:\/\/www.revistaoeste.com\/esporte\/dia-mundial-do-rock-10-lendas-da-musica-que-nunca-esconderam-a-paixao-pelo-futebol\/\" \/>\n<meta property=\"og:site_name\" content=\"Oeste Esporte\" \/>\n<meta property=\"article:publisher\" content=\"https:\/\/www.facebook.com\/oesterevista\/\" \/>\n<meta property=\"article:published_time\" content=\"2026-07-13T17:00:00+00:00\" \/>\n<meta property=\"og:image\" content=\"https:\/\/revistaoeste.com\/esporte\/wp-content\/uploads\/2026\/07\/definitely-city.png\" \/>\n\t<meta property=\"og:image:width\" content=\"640\" \/>\n\t<meta property=\"og:image:height\" content=\"427\" \/>\n\t<meta property=\"og:image:type\" content=\"image\/png\" \/>\n<meta name=\"author\" content=\"Oeste Esporte\" \/>\n<meta name=\"twitter:card\" content=\"summary_large_image\" \/>\n<meta name=\"twitter:creator\" content=\"@revistaoeste\" \/>\n<meta name=\"twitter:site\" content=\"@revistaoeste\" \/>\n<meta name=\"twitter:label1\" content=\"Escrito por\" \/>\n\t<meta name=\"twitter:data1\" content=\"Oeste Esporte\" \/>\n\t<meta name=\"twitter:label2\" content=\"Est. tempo de leitura\" \/>\n\t<meta name=\"twitter:data2\" content=\"7 minutos\" \/>\n<script type=\"application\/ld+json\" class=\"yoast-schema-graph\">{\"@context\":\"https:\\\/\\\/schema.org\",\"@graph\":[{\"@type\":\"Article\",\"@id\":\"https:\\\/\\\/www.revistaoeste.com\\\/esporte\\\/dia-mundial-do-rock-10-lendas-da-musica-que-nunca-esconderam-a-paixao-pelo-futebol\\\/#article\",\"isPartOf\":{\"@id\":\"https:\\\/\\\/www.revistaoeste.com\\\/esporte\\\/dia-mundial-do-rock-10-lendas-da-musica-que-nunca-esconderam-a-paixao-pelo-futebol\\\/\"},\"author\":{\"name\":\"Oeste Esporte\",\"@id\":\"https:\\\/\\\/www.revistaoeste.com\\\/esporte\\\/#\\\/schema\\\/person\\\/6622e4d5d99a35adf0de88128e8d66a9\"},\"headline\":\"Dia Mundial do Rock: 10 lendas da m\u00fasica que nunca esconderam a paix\u00e3o pelo futebol\",\"datePublished\":\"2026-07-13T17:00:00+00:00\",\"mainEntityOfPage\":{\"@id\":\"https:\\\/\\\/www.revistaoeste.com\\\/esporte\\\/dia-mundial-do-rock-10-lendas-da-musica-que-nunca-esconderam-a-paixao-pelo-futebol\\\/\"},\"wordCount\":894,\"commentCount\":0,\"publisher\":{\"@id\":\"https:\\\/\\\/www.revistaoeste.com\\\/esporte\\\/#organization\"},\"image\":{\"@id\":\"https:\\\/\\\/www.revistaoeste.com\\\/esporte\\\/dia-mundial-do-rock-10-lendas-da-musica-que-nunca-esconderam-a-paixao-pelo-futebol\\\/#primaryimage\"},\"thumbnailUrl\":\"https:\\\/\\\/revistaoeste.com\\\/esporte\\\/wp-content\\\/uploads\\\/2026\\\/07\\\/definitely-city.png\",\"keywords\":[\"alex turner\",\"dia mundial do rock\",\"futebol\",\"gallagher\",\"Oasis\",\"ozzy osborne\",\"rock\"],\"articleSection\":[\"\u00daltimas Not\u00edcias\"],\"inLanguage\":\"pt-BR\",\"potentialAction\":[{\"@type\":\"CommentAction\",\"name\":\"Comment\",\"target\":[\"https:\\\/\\\/www.revistaoeste.com\\\/esporte\\\/dia-mundial-do-rock-10-lendas-da-musica-que-nunca-esconderam-a-paixao-pelo-futebol\\\/#respond\"]}]},{\"@type\":\"WebPage\",\"@id\":\"https:\\\/\\\/www.revistaoeste.com\\\/esporte\\\/dia-mundial-do-rock-10-lendas-da-musica-que-nunca-esconderam-a-paixao-pelo-futebol\\\/\",\"url\":\"https:\\\/\\\/www.revistaoeste.com\\\/esporte\\\/dia-mundial-do-rock-10-lendas-da-musica-que-nunca-esconderam-a-paixao-pelo-futebol\\\/\",\"name\":\"10 lendas da m\u00fasica que nunca esconderam a paix\u00e3o pelo futebol\",\"isPartOf\":{\"@id\":\"https:\\\/\\\/www.revistaoeste.com\\\/esporte\\\/#website\"},\"primaryImageOfPage\":{\"@id\":\"https:\\\/\\\/www.revistaoeste.com\\\/esporte\\\/dia-mundial-do-rock-10-lendas-da-musica-que-nunca-esconderam-a-paixao-pelo-futebol\\\/#primaryimage\"},\"image\":{\"@id\":\"https:\\\/\\\/www.revistaoeste.com\\\/esporte\\\/dia-mundial-do-rock-10-lendas-da-musica-que-nunca-esconderam-a-paixao-pelo-futebol\\\/#primaryimage\"},\"thumbnailUrl\":\"https:\\\/\\\/revistaoeste.com\\\/esporte\\\/wp-content\\\/uploads\\\/2026\\\/07\\\/definitely-city.png\",\"datePublished\":\"2026-07-13T17:00:00+00:00\",\"description\":\"relembramos artistas que fazem quest\u00e3o de demonstrar o amor por seus clubes, seja frequentando est\u00e1dios, participando de campanhas, patrocinando equipes ou at\u00e9 inspirando uniformes oficiais.\",\"breadcrumb\":{\"@id\":\"https:\\\/\\\/www.revistaoeste.com\\\/esporte\\\/dia-mundial-do-rock-10-lendas-da-musica-que-nunca-esconderam-a-paixao-pelo-futebol\\\/#breadcrumb\"},\"inLanguage\":\"pt-BR\",\"potentialAction\":[{\"@type\":\"ReadAction\",\"target\":[\"https:\\\/\\\/www.revistaoeste.com\\\/esporte\\\/dia-mundial-do-rock-10-lendas-da-musica-que-nunca-esconderam-a-paixao-pelo-futebol\\\/\"]}]},{\"@type\":\"ImageObject\",\"inLanguage\":\"pt-BR\",\"@id\":\"https:\\\/\\\/www.revistaoeste.com\\\/esporte\\\/dia-mundial-do-rock-10-lendas-da-musica-que-nunca-esconderam-a-paixao-pelo-futebol\\\/#primaryimage\",\"url\":\"https:\\\/\\\/revistaoeste.com\\\/esporte\\\/wp-content\\\/uploads\\\/2026\\\/07\\\/definitely-city.png\",\"contentUrl\":\"https:\\\/\\\/revistaoeste.com\\\/esporte\\\/wp-content\\\/uploads\\\/2026\\\/07\\\/definitely-city.png\",\"width\":640,\"height\":427,\"caption\":\"Guardiola e Noel Gallagher na divulga\u00e7\u00e3o do Uniforme do Manchester City | Foto: Reprodu\u00e7\u00e3\\\/ManCity\"},{\"@type\":\"BreadcrumbList\",\"@id\":\"https:\\\/\\\/www.revistaoeste.com\\\/esporte\\\/dia-mundial-do-rock-10-lendas-da-musica-que-nunca-esconderam-a-paixao-pelo-futebol\\\/#breadcrumb\",\"itemListElement\":[{\"@type\":\"ListItem\",\"position\":1,\"name\":\"In\u00edcio\",\"item\":\"https:\\\/\\\/www.revistaoeste.com\\\/esporte\\\/\"},{\"@type\":\"ListItem\",\"position\":2,\"name\":\"Dia Mundial do Rock: 10 lendas da m\u00fasica que nunca esconderam a paix\u00e3o pelo futebol\"}]},{\"@type\":\"WebSite\",\"@id\":\"https:\\\/\\\/www.revistaoeste.com\\\/esporte\\\/#website\",\"url\":\"https:\\\/\\\/www.revistaoeste.com\\\/esporte\\\/\",\"name\":\"Oeste Esporte\",\"description\":\"Copa sem Firula\",\"publisher\":{\"@id\":\"https:\\\/\\\/www.revistaoeste.com\\\/esporte\\\/#organization\"},\"potentialAction\":[{\"@type\":\"SearchAction\",\"target\":{\"@type\":\"EntryPoint\",\"urlTemplate\":\"https:\\\/\\\/www.revistaoeste.com\\\/esporte\\\/?s={search_term_string}\"},\"query-input\":{\"@type\":\"PropertyValueSpecification\",\"valueRequired\":true,\"valueName\":\"search_term_string\"}}],\"inLanguage\":\"pt-BR\"},{\"@type\":\"Organization\",\"@id\":\"https:\\\/\\\/www.revistaoeste.com\\\/esporte\\\/#organization\",\"name\":\"Oeste Esporte\",\"url\":\"https:\\\/\\\/www.revistaoeste.com\\\/esporte\\\/\",\"logo\":{\"@type\":\"ImageObject\",\"inLanguage\":\"pt-BR\",\"@id\":\"https:\\\/\\\/www.revistaoeste.com\\\/esporte\\\/#\\\/schema\\\/logo\\\/image\\\/\",\"url\":\"https:\\\/\\\/revistaoeste.com\\\/esporte\\\/wp-content\\\/uploads\\\/2026\\\/03\\\/avatar.jpg\",\"contentUrl\":\"https:\\\/\\\/revistaoeste.com\\\/esporte\\\/wp-content\\\/uploads\\\/2026\\\/03\\\/avatar.jpg\",\"width\":500,\"height\":500,\"caption\":\"Oeste Esporte\"},\"image\":{\"@id\":\"https:\\\/\\\/www.revistaoeste.com\\\/esporte\\\/#\\\/schema\\\/logo\\\/image\\\/\"},\"sameAs\":[\"https:\\\/\\\/www.facebook.com\\\/oesterevista\\\/\",\"https:\\\/\\\/x.com\\\/revistaoeste\",\"https:\\\/\\\/www.youtube.com\\\/@OesteEsporte\",\"https:\\\/\\\/www.instagram.com\\\/revistaoeste\\\/\"]},{\"@type\":\"Person\",\"@id\":\"https:\\\/\\\/www.revistaoeste.com\\\/esporte\\\/#\\\/schema\\\/person\\\/6622e4d5d99a35adf0de88128e8d66a9\",\"name\":\"Oeste Esporte\",\"image\":{\"@type\":\"ImageObject\",\"inLanguage\":\"pt-BR\",\"@id\":\"https:\\\/\\\/secure.gravatar.com\\\/avatar\\\/8a2c5501fe5eb922c6c1838ad6a759fe758ecb18b48e36083e67f353c16e08ac?s=96&d=mm&r=g\",\"url\":\"https:\\\/\\\/secure.gravatar.com\\\/avatar\\\/8a2c5501fe5eb922c6c1838ad6a759fe758ecb18b48e36083e67f353c16e08ac?s=96&d=mm&r=g\",\"contentUrl\":\"https:\\\/\\\/secure.gravatar.com\\\/avatar\\\/8a2c5501fe5eb922c6c1838ad6a759fe758ecb18b48e36083e67f353c16e08ac?s=96&d=mm&r=g\",\"caption\":\"Oeste Esporte\"},\"url\":\"https:\\\/\\\/www.revistaoeste.com\\\/esporte\\\/author\\\/felipebellirevistaoeste-com\\\/\"}]}<\/script>\n<!-- \/ Yoast SEO plugin. -->","yoast_head_json":{"title":"10 lendas da m\u00fasica que nunca esconderam a paix\u00e3o pelo futebol","description":"relembramos artistas que fazem quest\u00e3o de demonstrar o amor por seus clubes, seja frequentando est\u00e1dios, participando de campanhas, patrocinando equipes ou at\u00e9 inspirando uniformes oficiais.","robots":{"index":"index","follow":"follow","max-snippet":"max-snippet:-1","max-image-preview":"max-image-preview:large","max-video-preview":"max-video-preview:-1"},"canonical":"https:\/\/www.revistaoeste.com\/esporte\/dia-mundial-do-rock-10-lendas-da-musica-que-nunca-esconderam-a-paixao-pelo-futebol\/","og_locale":"pt_BR","og_type":"article","og_title":"10 lendas da m\u00fasica que nunca esconderam a paix\u00e3o pelo futebol","og_description":"relembramos artistas que fazem quest\u00e3o de demonstrar o amor por seus clubes, seja frequentando est\u00e1dios, participando de campanhas, patrocinando equipes ou at\u00e9 inspirando uniformes oficiais.","og_url":"https:\/\/www.revistaoeste.com\/esporte\/dia-mundial-do-rock-10-lendas-da-musica-que-nunca-esconderam-a-paixao-pelo-futebol\/","og_site_name":"Oeste Esporte","article_publisher":"https:\/\/www.facebook.com\/oesterevista\/","article_published_time":"2026-07-13T17:00:00+00:00","og_image":[{"width":640,"height":427,"url":"https:\/\/revistaoeste.com\/esporte\/wp-content\/uploads\/2026\/07\/definitely-city.png","type":"image\/png"}],"author":"Oeste Esporte","twitter_card":"summary_large_image","twitter_creator":"@revistaoeste","twitter_site":"@revistaoeste","twitter_misc":{"Escrito por":"Oeste Esporte","Est. tempo de leitura":"7 minutos"},"schema":{"@context":"https:\/\/schema.org","@graph":[{"@type":"Article","@id":"https:\/\/www.revistaoeste.com\/esporte\/dia-mundial-do-rock-10-lendas-da-musica-que-nunca-esconderam-a-paixao-pelo-futebol\/#article","isPartOf":{"@id":"https:\/\/www.revistaoeste.com\/esporte\/dia-mundial-do-rock-10-lendas-da-musica-que-nunca-esconderam-a-paixao-pelo-futebol\/"},"author":{"name":"Oeste Esporte","@id":"https:\/\/www.revistaoeste.com\/esporte\/#\/schema\/person\/6622e4d5d99a35adf0de88128e8d66a9"},"headline":"Dia Mundial do Rock: 10 lendas da m\u00fasica que nunca esconderam a paix\u00e3o pelo futebol","datePublished":"2026-07-13T17:00:00+00:00","mainEntityOfPage":{"@id":"https:\/\/www.revistaoeste.com\/esporte\/dia-mundial-do-rock-10-lendas-da-musica-que-nunca-esconderam-a-paixao-pelo-futebol\/"},"wordCount":894,"commentCount":0,"publisher":{"@id":"https:\/\/www.revistaoeste.com\/esporte\/#organization"},"image":{"@id":"https:\/\/www.revistaoeste.com\/esporte\/dia-mundial-do-rock-10-lendas-da-musica-que-nunca-esconderam-a-paixao-pelo-futebol\/#primaryimage"},"thumbnailUrl":"https:\/\/revistaoeste.com\/esporte\/wp-content\/uploads\/2026\/07\/definitely-city.png","keywords":["alex turner","dia mundial do rock","futebol","gallagher","Oasis","ozzy osborne","rock"],"articleSection":["\u00daltimas Not\u00edcias"],"inLanguage":"pt-BR","potentialAction":[{"@type":"CommentAction","name":"Comment","target":["https:\/\/www.revistaoeste.com\/esporte\/dia-mundial-do-rock-10-lendas-da-musica-que-nunca-esconderam-a-paixao-pelo-futebol\/#respond"]}]},{"@type":"WebPage","@id":"https:\/\/www.revistaoeste.com\/esporte\/dia-mundial-do-rock-10-lendas-da-musica-que-nunca-esconderam-a-paixao-pelo-futebol\/","url":"https:\/\/www.revistaoeste.com\/esporte\/dia-mundial-do-rock-10-lendas-da-musica-que-nunca-esconderam-a-paixao-pelo-futebol\/","name":"10 lendas da m\u00fasica que nunca esconderam a paix\u00e3o pelo futebol","isPartOf":{"@id":"https:\/\/www.revistaoeste.com\/esporte\/#website"},"primaryImageOfPage":{"@id":"https:\/\/www.revistaoeste.com\/esporte\/dia-mundial-do-rock-10-lendas-da-musica-que-nunca-esconderam-a-paixao-pelo-futebol\/#primaryimage"},"image":{"@id":"https:\/\/www.revistaoeste.com\/esporte\/dia-mundial-do-rock-10-lendas-da-musica-que-nunca-esconderam-a-paixao-pelo-futebol\/#primaryimage"},"thumbnailUrl":"https:\/\/revistaoeste.com\/esporte\/wp-content\/uploads\/2026\/07\/definitely-city.png","datePublished":"2026-07-13T17:00:00+00:00","description":"relembramos artistas que fazem quest\u00e3o de demonstrar o amor por seus clubes, seja frequentando est\u00e1dios, participando de campanhas, patrocinando equipes ou at\u00e9 inspirando uniformes oficiais.","breadcrumb":{"@id":"https:\/\/www.revistaoeste.com\/esporte\/dia-mundial-do-rock-10-lendas-da-musica-que-nunca-esconderam-a-paixao-pelo-futebol\/#breadcrumb"},"inLanguage":"pt-BR","potentialAction":[{"@type":"ReadAction","target":["https:\/\/www.revistaoeste.com\/esporte\/dia-mundial-do-rock-10-lendas-da-musica-que-nunca-esconderam-a-paixao-pelo-futebol\/"]}]},{"@type":"ImageObject","inLanguage":"pt-BR","@id":"https:\/\/www.revistaoeste.com\/esporte\/dia-mundial-do-rock-10-lendas-da-musica-que-nunca-esconderam-a-paixao-pelo-futebol\/#primaryimage","url":"https:\/\/revistaoeste.com\/esporte\/wp-content\/uploads\/2026\/07\/definitely-city.png","contentUrl":"https:\/\/revistaoeste.com\/esporte\/wp-content\/uploads\/2026\/07\/definitely-city.png","width":640,"height":427,"caption":"Guardiola e Noel Gallagher na divulga\u00e7\u00e3o do Uniforme do Manchester City | Foto: Reprodu\u00e7\u00e3\/ManCity"},{"@type":"BreadcrumbList","@id":"https:\/\/www.revistaoeste.com\/esporte\/dia-mundial-do-rock-10-lendas-da-musica-que-nunca-esconderam-a-paixao-pelo-futebol\/#breadcrumb","itemListElement":[{"@type":"ListItem","position":1,"name":"In\u00edcio","item":"https:\/\/www.revistaoeste.com\/esporte\/"},{"@type":"ListItem","position":2,"name":"Dia Mundial do Rock: 10 lendas da m\u00fasica que nunca esconderam a paix\u00e3o pelo futebol"}]},{"@type":"WebSite","@id":"https:\/\/www.revistaoeste.com\/esporte\/#website","url":"https:\/\/www.revistaoeste.com\/esporte\/","name":"Oeste Esporte","description":"Copa sem Firula","publisher":{"@id":"https:\/\/www.revistaoeste.com\/esporte\/#organization"},"potentialAction":[{"@type":"SearchAction","target":{"@type":"EntryPoint","urlTemplate":"https:\/\/www.revistaoeste.com\/esporte\/?s={search_term_string}"},"query-input":{"@type":"PropertyValueSpecification","valueRequired":true,"valueName":"search_term_string"}}],"inLanguage":"pt-BR"},{"@type":"Organization","@id":"https:\/\/www.revistaoeste.com\/esporte\/#organization","name":"Oeste Esporte","url":"https:\/\/www.revistaoeste.com\/esporte\/","logo":{"@type":"ImageObject","inLanguage":"pt-BR","@id":"https:\/\/www.revistaoeste.com\/esporte\/#\/schema\/logo\/image\/","url":"https:\/\/revistaoeste.com\/esporte\/wp-content\/uploads\/2026\/03\/avatar.jpg","contentUrl":"https:\/\/revistaoeste.com\/esporte\/wp-content\/uploads\/2026\/03\/avatar.jpg","width":500,"height":500,"caption":"Oeste Esporte"},"image":{"@id":"https:\/\/www.revistaoeste.com\/esporte\/#\/schema\/logo\/image\/"},"sameAs":["https:\/\/www.facebook.com\/oesterevista\/","https:\/\/x.com\/revistaoeste","https:\/\/www.youtube.com\/@OesteEsporte","https:\/\/www.instagram.com\/revistaoeste\/"]},{"@type":"Person","@id":"https:\/\/www.revistaoeste.com\/esporte\/#\/schema\/person\/6622e4d5d99a35adf0de88128e8d66a9","name":"Oeste Esporte","image":{"@type":"ImageObject","inLanguage":"pt-BR","@id":"https:\/\/secure.gravatar.com\/avatar\/8a2c5501fe5eb922c6c1838ad6a759fe758ecb18b48e36083e67f353c16e08ac?s=96&d=mm&r=g","url":"https:\/\/secure.gravatar.com\/avatar\/8a2c5501fe5eb922c6c1838ad6a759fe758ecb18b48e36083e67f353c16e08ac?s=96&d=mm&r=g","contentUrl":"https:\/\/secure.gravatar.com\/avatar\/8a2c5501fe5eb922c6c1838ad6a759fe758ecb18b48e36083e67f353c16e08ac?s=96&d=mm&r=g","caption":"Oeste Esporte"},"url":"https:\/\/www.revistaoeste.com\/esporte\/author\/felipebellirevistaoeste-com\/"}]}},"_links":{"self":[{"href":"https:\/\/www.revistaoeste.com\/esporte\/wp-json\/wp\/v2\/posts\/11439","targetHints":{"allow":["GET"]}}],"collection":[{"href":"https:\/\/www.revistaoeste.com\/esporte\/wp-json\/wp\/v2\/posts"}],"about":[{"href":"https:\/\/www.revistaoeste.com\/esporte\/wp-json\/wp\/v2\/types\/post"}],"author":[{"embeddable":true,"href":"https:\/\/www.revistaoeste.com\/esporte\/wp-json\/wp\/v2\/users\/5"}],"replies":[{"embeddable":true,"href":"https:\/\/www.revistaoeste.com\/esporte\/wp-json\/wp\/v2\/comments?post=11439"}],"version-history":[{"count":2,"href":"https:\/\/www.revistaoeste.com\/esporte\/wp-json\/wp\/v2\/posts\/11439\/revisions"}],"predecessor-version":[{"id":11453,"href":"https:\/\/www.revistaoeste.com\/esporte\/wp-json\/wp\/v2\/posts\/11439\/revisions\/11453"}],"wp:featuredmedia":[{"embeddable":true,"href":"https:\/\/www.revistaoeste.com\/esporte\/wp-json\/wp\/v2\/media\/11451"}],"wp:attachment":[{"href":"https:\/\/www.revistaoeste.com\/esporte\/wp-json\/wp\/v2\/media?parent=11439"}],"wp:term":[{"taxonomy":"category","embeddable":true,"href":"https:\/\/www.revistaoeste.com\/esporte\/wp-json\/wp\/v2\/categories?post=11439"},{"taxonomy":"post_tag","embeddable":true,"href":"https:\/\/www.revistaoeste.com\/esporte\/wp-json\/wp\/v2\/tags?post=11439"}],"curies":[{"name":"wp","href":"https:\/\/api.w.org\/{rel}","templated":true}]}}