{"id":11092,"date":"2026-07-10T21:00:00","date_gmt":"2026-07-11T00:00:00","guid":{"rendered":"https:\/\/revistaoeste.com\/esporte\/?p=11092"},"modified":"2026-07-10T16:13:57","modified_gmt":"2026-07-10T19:13:57","slug":"klose-revela-ligacao-de-messi-depois-de-perder-recorde-em-copas-foi-muito-emocionante","status":"publish","type":"post","link":"https:\/\/www.revistaoeste.com\/esporte\/klose-revela-ligacao-de-messi-depois-de-perder-recorde-em-copas-foi-muito-emocionante\/","title":{"rendered":"Klose revela liga\u00e7\u00e3o de Messi depois de perder recorde em Copas: &#8216;Foi muito emocionante&#8217;"},"content":{"rendered":"\n<p class=\"wp-block-paragraph\">A quebra de um dos recordes mais hist\u00f3ricos das Copas do Mundo foi acompanhada por um gesto de respeito que emocionou o futebol. Depois de se tornar o maior artilheiro da hist\u00f3ria dos Mundiais, Lionel Messi fez quest\u00e3o de ligar para Miroslav Klose, antigo dono da marca, em uma conversa que surpreendeu e emocionou o ex-atacante da Alemanha.<\/p>\n\n\n\n<p class=\"wp-block-paragraph\"><strong>+ Leia mais not\u00edcias de&nbsp;<a  href=\"https:\/\/revistaoeste.com\/esporte\/\"  target=\"_blank\" rel=\"noopener noreferrer\">Oeste Esporte<\/a><\/strong><\/p>\n\n\n\n<p class=\"wp-block-paragraph\">Messi alcan\u00e7ou a marca de 21 gols em Copas do Mundo durante a edi\u00e7\u00e3o de 2026, ultrapassando os 20 tentos de Klose e tamb\u00e9m deixando para tr\u00e1s Kylian Mbapp\u00e9, que soma 19 gols no torneio. O argentino tornou-se, assim, o maior goleador da hist\u00f3ria da principal competi\u00e7\u00e3o do futebol mundial.<\/p>\n\n\n\n<p class=\"wp-block-paragraph\">Em entrevista ao jornal franc\u00eas <em>L&#8217;\u00c9quipe<\/em>, Klose contou que a liga\u00e7\u00e3o foi intermediada por Lionel Scaloni, t\u00e9cnico da Argentina e seu ex-companheiro de Lazio entre 2011 e 2013.<\/p>\n\n\n\n<blockquote class=\"wp-block-quote is-layout-flow wp-block-quote-is-layout-flow\">\n<p class=\"wp-block-paragraph\">&#8220;Scaloni organizou uma liga\u00e7\u00e3o entre Messi e eu. Foi muito emocionante. N\u00f3s nos enfrentamos algumas vezes em campo e sempre houve respeito, mas essa foi a primeira vez que conversamos por tanto tempo. Ele disse que vai me enviar uma camisa autografada.&#8221;<\/p>\n<\/blockquote>\n\n\n\n<p class=\"wp-block-paragraph\">O alem\u00e3o fez quest\u00e3o de elogiar a postura do camisa 10 argentino e afirmou que o gesto demonstra a grandeza do atual campe\u00e3o mundial.<\/p>\n\n\n\n<blockquote class=\"wp-block-quote is-layout-flow wp-block-quote-is-layout-flow\">\n<p class=\"wp-block-paragraph\">&#8220;Fiquei muito feliz por ele ter pensado em mim. Isso mostra o tipo de pessoa que ele \u00e9. N\u00e3o \u00e9 apenas um grande jogador, mas tamb\u00e9m algu\u00e9m que valoriza a hist\u00f3ria do futebol.&#8221;<\/p>\n<\/blockquote>\n\n\n\n<p class=\"wp-block-paragraph\">Klose construiu seu recorde ao longo de quatro Copas do Mundo, entre 2002 e 2014. Foram 16 gols marcados, marca que permaneceu como a maior da hist\u00f3ria durante mais de uma d\u00e9cada. O ex-centroavante tamb\u00e9m conquistou o t\u00edtulo mundial com a Alemanha em 2014, justamente na competi\u00e7\u00e3o em que ultrapassou Ronaldo Fen\u00f4meno e assumiu a lideran\u00e7a da artilharia hist\u00f3rica dos Mundiais.<\/p>\n\n\n\n<p class=\"wp-block-paragraph\">Messi, por sua vez, ampliou ainda mais uma trajet\u00f3ria repleta de recordes pela sele\u00e7\u00e3o argentina. Campe\u00e3o mundial em 2022, o camisa 10 chegou \u00e0 Copa de 2026 j\u00e1 como o jogador com mais partidas disputadas na hist\u00f3ria da competi\u00e7\u00e3o e agora tamb\u00e9m ostenta o posto de maior artilheiro dos Mundiais.<\/p>\n\n\n\n<p class=\"wp-block-paragraph\">A atitude do argentino foi amplamente elogiada por torcedores e ex-jogadores nas redes sociais. Em um esporte onde os recordes costumam alimentar rivalidades, a liga\u00e7\u00e3o entre Messi e Klose mostrou que h\u00e1 espa\u00e7o para reconhecimento e respeito entre duas gera\u00e7\u00f5es que marcaram \u00e9poca nas Copas do Mundo.<\/p>\n\n\n\n<p class=\"wp-block-paragraph\"><\/p>\n","protected":false},"excerpt":{"rendered":"<p>A quebra de um dos recordes mais hist\u00f3ricos das Copas do Mundo foi acompanhada por um gesto de respeito que emocionou o&hellip;<\/p>\n","protected":false},"author":5,"featured_media":11095,"comment_status":"open","ping_status":"open","sticky":false,"template":"","format":"standard","meta":{"footnotes":""},"categories":[8],"tags":[110,259,437,23,75,44,29,2526,335],"class_list":["post-11092","post","type-post","status-publish","format-standard","has-post-thumbnail","hentry","category-ultimas-noticias","tag-110","tag-alemanha","tag-argentina","tag-copa-do-mundo","tag-copa-do-mundo-2026","tag-fifa","tag-futebol","tag-klose","tag-messi"],"yoast_head":"<!-- This site is optimized with the Yoast SEO plugin v28.0 - https:\/\/yoast.com\/product\/yoast-seo-wordpress\/ -->\n<title>Klose revela liga\u00e7\u00e3o de Messi depois de perder recorde em Copas<\/title>\n<meta name=\"description\" content=\". Depois de se tornar o maior artilheiro da hist\u00f3ria dos Mundiais, Lionel Messi fez quest\u00e3o de ligar para Miroslav Klose, antigo dono da marca\" \/>\n<meta name=\"robots\" content=\"index, follow, max-snippet:-1, max-image-preview:large, max-video-preview:-1\" \/>\n<link rel=\"canonical\" href=\"https:\/\/revistaoeste.com\/esporte\/klose-revela-ligacao-de-messi-depois-de-perder-recorde-em-copas-foi-muito-emocionante\/\" \/>\n<meta property=\"og:locale\" content=\"pt_BR\" \/>\n<meta property=\"og:type\" content=\"article\" \/>\n<meta property=\"og:title\" content=\"Klose revela liga\u00e7\u00e3o de Messi depois de perder recorde em Copas\" \/>\n<meta property=\"og:description\" content=\". Depois de se tornar o maior artilheiro da hist\u00f3ria dos Mundiais, Lionel Messi fez quest\u00e3o de ligar para Miroslav Klose, antigo dono da marca\" \/>\n<meta property=\"og:url\" content=\"https:\/\/revistaoeste.com\/esporte\/klose-revela-ligacao-de-messi-depois-de-perder-recorde-em-copas-foi-muito-emocionante\/\" \/>\n<meta property=\"og:site_name\" content=\"Oeste Esporte\" \/>\n<meta property=\"article:publisher\" content=\"https:\/\/www.facebook.com\/oesterevista\/\" \/>\n<meta property=\"article:published_time\" content=\"2026-07-11T00:00:00+00:00\" \/>\n<meta property=\"og:image\" content=\"https:\/\/revistaoeste.com\/esporte\/wp-content\/uploads\/2026\/07\/Klose.png\" \/>\n\t<meta property=\"og:image:width\" content=\"640\" \/>\n\t<meta property=\"og:image:height\" content=\"360\" \/>\n\t<meta property=\"og:image:type\" content=\"image\/png\" \/>\n<meta name=\"author\" content=\"Oeste Esporte\" \/>\n<meta name=\"twitter:card\" content=\"summary_large_image\" \/>\n<meta name=\"twitter:creator\" content=\"@revistaoeste\" \/>\n<meta name=\"twitter:site\" content=\"@revistaoeste\" \/>\n<meta name=\"twitter:label1\" content=\"Escrito por\" \/>\n\t<meta name=\"twitter:data1\" content=\"Oeste Esporte\" \/>\n\t<meta name=\"twitter:label2\" content=\"Est. tempo de leitura\" \/>\n\t<meta name=\"twitter:data2\" content=\"2 minutos\" \/>\n<script type=\"application\/ld+json\" class=\"yoast-schema-graph\">{\"@context\":\"https:\\\/\\\/schema.org\",\"@graph\":[{\"@type\":\"Article\",\"@id\":\"https:\\\/\\\/revistaoeste.com\\\/esporte\\\/klose-revela-ligacao-de-messi-depois-de-perder-recorde-em-copas-foi-muito-emocionante\\\/#article\",\"isPartOf\":{\"@id\":\"https:\\\/\\\/revistaoeste.com\\\/esporte\\\/klose-revela-ligacao-de-messi-depois-de-perder-recorde-em-copas-foi-muito-emocionante\\\/\"},\"author\":{\"name\":\"Oeste Esporte\",\"@id\":\"https:\\\/\\\/revistaoeste.com\\\/esporte\\\/#\\\/schema\\\/person\\\/6622e4d5d99a35adf0de88128e8d66a9\"},\"headline\":\"Klose revela liga\u00e7\u00e3o de Messi depois de perder recorde em Copas: &#8216;Foi muito emocionante&#8217;\",\"datePublished\":\"2026-07-11T00:00:00+00:00\",\"mainEntityOfPage\":{\"@id\":\"https:\\\/\\\/revistaoeste.com\\\/esporte\\\/klose-revela-ligacao-de-messi-depois-de-perder-recorde-em-copas-foi-muito-emocionante\\\/\"},\"wordCount\":438,\"commentCount\":0,\"publisher\":{\"@id\":\"https:\\\/\\\/revistaoeste.com\\\/esporte\\\/#organization\"},\"image\":{\"@id\":\"https:\\\/\\\/revistaoeste.com\\\/esporte\\\/klose-revela-ligacao-de-messi-depois-de-perder-recorde-em-copas-foi-muito-emocionante\\\/#primaryimage\"},\"thumbnailUrl\":\"https:\\\/\\\/revistaoeste.com\\\/esporte\\\/wp-content\\\/uploads\\\/2026\\\/07\\\/Klose.png\",\"keywords\":[\"2026\",\"Alemanha\",\"Argentina\",\"Copa do Mundo\",\"Copa do Mundo 2026\",\"FIFA\",\"futebol\",\"Klose\",\"Messi\"],\"articleSection\":[\"\u00daltimas Not\u00edcias\"],\"inLanguage\":\"pt-BR\",\"potentialAction\":[{\"@type\":\"CommentAction\",\"name\":\"Comment\",\"target\":[\"https:\\\/\\\/revistaoeste.com\\\/esporte\\\/klose-revela-ligacao-de-messi-depois-de-perder-recorde-em-copas-foi-muito-emocionante\\\/#respond\"]}]},{\"@type\":\"WebPage\",\"@id\":\"https:\\\/\\\/revistaoeste.com\\\/esporte\\\/klose-revela-ligacao-de-messi-depois-de-perder-recorde-em-copas-foi-muito-emocionante\\\/\",\"url\":\"https:\\\/\\\/revistaoeste.com\\\/esporte\\\/klose-revela-ligacao-de-messi-depois-de-perder-recorde-em-copas-foi-muito-emocionante\\\/\",\"name\":\"Klose revela liga\u00e7\u00e3o de Messi depois de perder recorde em Copas\",\"isPartOf\":{\"@id\":\"https:\\\/\\\/revistaoeste.com\\\/esporte\\\/#website\"},\"primaryImageOfPage\":{\"@id\":\"https:\\\/\\\/revistaoeste.com\\\/esporte\\\/klose-revela-ligacao-de-messi-depois-de-perder-recorde-em-copas-foi-muito-emocionante\\\/#primaryimage\"},\"image\":{\"@id\":\"https:\\\/\\\/revistaoeste.com\\\/esporte\\\/klose-revela-ligacao-de-messi-depois-de-perder-recorde-em-copas-foi-muito-emocionante\\\/#primaryimage\"},\"thumbnailUrl\":\"https:\\\/\\\/revistaoeste.com\\\/esporte\\\/wp-content\\\/uploads\\\/2026\\\/07\\\/Klose.png\",\"datePublished\":\"2026-07-11T00:00:00+00:00\",\"description\":\". Depois de se tornar o maior artilheiro da hist\u00f3ria dos Mundiais, Lionel Messi fez quest\u00e3o de ligar para Miroslav Klose, antigo dono da marca\",\"breadcrumb\":{\"@id\":\"https:\\\/\\\/revistaoeste.com\\\/esporte\\\/klose-revela-ligacao-de-messi-depois-de-perder-recorde-em-copas-foi-muito-emocionante\\\/#breadcrumb\"},\"inLanguage\":\"pt-BR\",\"potentialAction\":[{\"@type\":\"ReadAction\",\"target\":[\"https:\\\/\\\/revistaoeste.com\\\/esporte\\\/klose-revela-ligacao-de-messi-depois-de-perder-recorde-em-copas-foi-muito-emocionante\\\/\"]}]},{\"@type\":\"ImageObject\",\"inLanguage\":\"pt-BR\",\"@id\":\"https:\\\/\\\/revistaoeste.com\\\/esporte\\\/klose-revela-ligacao-de-messi-depois-de-perder-recorde-em-copas-foi-muito-emocionante\\\/#primaryimage\",\"url\":\"https:\\\/\\\/revistaoeste.com\\\/esporte\\\/wp-content\\\/uploads\\\/2026\\\/07\\\/Klose.png\",\"contentUrl\":\"https:\\\/\\\/revistaoeste.com\\\/esporte\\\/wp-content\\\/uploads\\\/2026\\\/07\\\/Klose.png\",\"width\":640,\"height\":360,\"caption\":\"Klose era o maior artilheiro das Copas com 16 gols | Foto: Reprodu\u00e7\u00e3o\\\/DFB\"},{\"@type\":\"BreadcrumbList\",\"@id\":\"https:\\\/\\\/revistaoeste.com\\\/esporte\\\/klose-revela-ligacao-de-messi-depois-de-perder-recorde-em-copas-foi-muito-emocionante\\\/#breadcrumb\",\"itemListElement\":[{\"@type\":\"ListItem\",\"position\":1,\"name\":\"In\u00edcio\",\"item\":\"https:\\\/\\\/revistaoeste.com\\\/esporte\\\/\"},{\"@type\":\"ListItem\",\"position\":2,\"name\":\"Klose revela liga\u00e7\u00e3o de Messi depois de perder recorde em Copas: &#8216;Foi muito emocionante&#8217;\"}]},{\"@type\":\"WebSite\",\"@id\":\"https:\\\/\\\/revistaoeste.com\\\/esporte\\\/#website\",\"url\":\"https:\\\/\\\/revistaoeste.com\\\/esporte\\\/\",\"name\":\"Oeste Esporte\",\"description\":\"Copa sem Firula\",\"publisher\":{\"@id\":\"https:\\\/\\\/revistaoeste.com\\\/esporte\\\/#organization\"},\"potentialAction\":[{\"@type\":\"SearchAction\",\"target\":{\"@type\":\"EntryPoint\",\"urlTemplate\":\"https:\\\/\\\/revistaoeste.com\\\/esporte\\\/?s={search_term_string}\"},\"query-input\":{\"@type\":\"PropertyValueSpecification\",\"valueRequired\":true,\"valueName\":\"search_term_string\"}}],\"inLanguage\":\"pt-BR\"},{\"@type\":\"Organization\",\"@id\":\"https:\\\/\\\/revistaoeste.com\\\/esporte\\\/#organization\",\"name\":\"Oeste Esporte\",\"url\":\"https:\\\/\\\/revistaoeste.com\\\/esporte\\\/\",\"logo\":{\"@type\":\"ImageObject\",\"inLanguage\":\"pt-BR\",\"@id\":\"https:\\\/\\\/revistaoeste.com\\\/esporte\\\/#\\\/schema\\\/logo\\\/image\\\/\",\"url\":\"https:\\\/\\\/revistaoeste.com\\\/esporte\\\/wp-content\\\/uploads\\\/2026\\\/03\\\/avatar.jpg\",\"contentUrl\":\"https:\\\/\\\/revistaoeste.com\\\/esporte\\\/wp-content\\\/uploads\\\/2026\\\/03\\\/avatar.jpg\",\"width\":500,\"height\":500,\"caption\":\"Oeste Esporte\"},\"image\":{\"@id\":\"https:\\\/\\\/revistaoeste.com\\\/esporte\\\/#\\\/schema\\\/logo\\\/image\\\/\"},\"sameAs\":[\"https:\\\/\\\/www.facebook.com\\\/oesterevista\\\/\",\"https:\\\/\\\/x.com\\\/revistaoeste\",\"https:\\\/\\\/www.youtube.com\\\/@OesteEsporte\",\"https:\\\/\\\/www.instagram.com\\\/revistaoeste\\\/\"]},{\"@type\":\"Person\",\"@id\":\"https:\\\/\\\/revistaoeste.com\\\/esporte\\\/#\\\/schema\\\/person\\\/6622e4d5d99a35adf0de88128e8d66a9\",\"name\":\"Oeste Esporte\",\"image\":{\"@type\":\"ImageObject\",\"inLanguage\":\"pt-BR\",\"@id\":\"https:\\\/\\\/secure.gravatar.com\\\/avatar\\\/8a2c5501fe5eb922c6c1838ad6a759fe758ecb18b48e36083e67f353c16e08ac?s=96&d=mm&r=g\",\"url\":\"https:\\\/\\\/secure.gravatar.com\\\/avatar\\\/8a2c5501fe5eb922c6c1838ad6a759fe758ecb18b48e36083e67f353c16e08ac?s=96&d=mm&r=g\",\"contentUrl\":\"https:\\\/\\\/secure.gravatar.com\\\/avatar\\\/8a2c5501fe5eb922c6c1838ad6a759fe758ecb18b48e36083e67f353c16e08ac?s=96&d=mm&r=g\",\"caption\":\"Oeste Esporte\"},\"url\":\"https:\\\/\\\/www.revistaoeste.com\\\/esporte\\\/author\\\/felipebellirevistaoeste-com\\\/\"}]}<\/script>\n<!-- \/ Yoast SEO plugin. -->","yoast_head_json":{"title":"Klose revela liga\u00e7\u00e3o de Messi depois de perder recorde em Copas","description":". Depois de se tornar o maior artilheiro da hist\u00f3ria dos Mundiais, Lionel Messi fez quest\u00e3o de ligar para Miroslav Klose, antigo dono da marca","robots":{"index":"index","follow":"follow","max-snippet":"max-snippet:-1","max-image-preview":"max-image-preview:large","max-video-preview":"max-video-preview:-1"},"canonical":"https:\/\/revistaoeste.com\/esporte\/klose-revela-ligacao-de-messi-depois-de-perder-recorde-em-copas-foi-muito-emocionante\/","og_locale":"pt_BR","og_type":"article","og_title":"Klose revela liga\u00e7\u00e3o de Messi depois de perder recorde em Copas","og_description":". Depois de se tornar o maior artilheiro da hist\u00f3ria dos Mundiais, Lionel Messi fez quest\u00e3o de ligar para Miroslav Klose, antigo dono da marca","og_url":"https:\/\/revistaoeste.com\/esporte\/klose-revela-ligacao-de-messi-depois-de-perder-recorde-em-copas-foi-muito-emocionante\/","og_site_name":"Oeste Esporte","article_publisher":"https:\/\/www.facebook.com\/oesterevista\/","article_published_time":"2026-07-11T00:00:00+00:00","og_image":[{"width":640,"height":360,"url":"https:\/\/revistaoeste.com\/esporte\/wp-content\/uploads\/2026\/07\/Klose.png","type":"image\/png"}],"author":"Oeste Esporte","twitter_card":"summary_large_image","twitter_creator":"@revistaoeste","twitter_site":"@revistaoeste","twitter_misc":{"Escrito por":"Oeste Esporte","Est. tempo de leitura":"2 minutos"},"schema":{"@context":"https:\/\/schema.org","@graph":[{"@type":"Article","@id":"https:\/\/revistaoeste.com\/esporte\/klose-revela-ligacao-de-messi-depois-de-perder-recorde-em-copas-foi-muito-emocionante\/#article","isPartOf":{"@id":"https:\/\/revistaoeste.com\/esporte\/klose-revela-ligacao-de-messi-depois-de-perder-recorde-em-copas-foi-muito-emocionante\/"},"author":{"name":"Oeste Esporte","@id":"https:\/\/revistaoeste.com\/esporte\/#\/schema\/person\/6622e4d5d99a35adf0de88128e8d66a9"},"headline":"Klose revela liga\u00e7\u00e3o de Messi depois de perder recorde em Copas: &#8216;Foi muito emocionante&#8217;","datePublished":"2026-07-11T00:00:00+00:00","mainEntityOfPage":{"@id":"https:\/\/revistaoeste.com\/esporte\/klose-revela-ligacao-de-messi-depois-de-perder-recorde-em-copas-foi-muito-emocionante\/"},"wordCount":438,"commentCount":0,"publisher":{"@id":"https:\/\/revistaoeste.com\/esporte\/#organization"},"image":{"@id":"https:\/\/revistaoeste.com\/esporte\/klose-revela-ligacao-de-messi-depois-de-perder-recorde-em-copas-foi-muito-emocionante\/#primaryimage"},"thumbnailUrl":"https:\/\/revistaoeste.com\/esporte\/wp-content\/uploads\/2026\/07\/Klose.png","keywords":["2026","Alemanha","Argentina","Copa do Mundo","Copa do Mundo 2026","FIFA","futebol","Klose","Messi"],"articleSection":["\u00daltimas Not\u00edcias"],"inLanguage":"pt-BR","potentialAction":[{"@type":"CommentAction","name":"Comment","target":["https:\/\/revistaoeste.com\/esporte\/klose-revela-ligacao-de-messi-depois-de-perder-recorde-em-copas-foi-muito-emocionante\/#respond"]}]},{"@type":"WebPage","@id":"https:\/\/revistaoeste.com\/esporte\/klose-revela-ligacao-de-messi-depois-de-perder-recorde-em-copas-foi-muito-emocionante\/","url":"https:\/\/revistaoeste.com\/esporte\/klose-revela-ligacao-de-messi-depois-de-perder-recorde-em-copas-foi-muito-emocionante\/","name":"Klose revela liga\u00e7\u00e3o de Messi depois de perder recorde em Copas","isPartOf":{"@id":"https:\/\/revistaoeste.com\/esporte\/#website"},"primaryImageOfPage":{"@id":"https:\/\/revistaoeste.com\/esporte\/klose-revela-ligacao-de-messi-depois-de-perder-recorde-em-copas-foi-muito-emocionante\/#primaryimage"},"image":{"@id":"https:\/\/revistaoeste.com\/esporte\/klose-revela-ligacao-de-messi-depois-de-perder-recorde-em-copas-foi-muito-emocionante\/#primaryimage"},"thumbnailUrl":"https:\/\/revistaoeste.com\/esporte\/wp-content\/uploads\/2026\/07\/Klose.png","datePublished":"2026-07-11T00:00:00+00:00","description":". Depois de se tornar o maior artilheiro da hist\u00f3ria dos Mundiais, Lionel Messi fez quest\u00e3o de ligar para Miroslav Klose, antigo dono da marca","breadcrumb":{"@id":"https:\/\/revistaoeste.com\/esporte\/klose-revela-ligacao-de-messi-depois-de-perder-recorde-em-copas-foi-muito-emocionante\/#breadcrumb"},"inLanguage":"pt-BR","potentialAction":[{"@type":"ReadAction","target":["https:\/\/revistaoeste.com\/esporte\/klose-revela-ligacao-de-messi-depois-de-perder-recorde-em-copas-foi-muito-emocionante\/"]}]},{"@type":"ImageObject","inLanguage":"pt-BR","@id":"https:\/\/revistaoeste.com\/esporte\/klose-revela-ligacao-de-messi-depois-de-perder-recorde-em-copas-foi-muito-emocionante\/#primaryimage","url":"https:\/\/revistaoeste.com\/esporte\/wp-content\/uploads\/2026\/07\/Klose.png","contentUrl":"https:\/\/revistaoeste.com\/esporte\/wp-content\/uploads\/2026\/07\/Klose.png","width":640,"height":360,"caption":"Klose era o maior artilheiro das Copas com 16 gols | Foto: Reprodu\u00e7\u00e3o\/DFB"},{"@type":"BreadcrumbList","@id":"https:\/\/revistaoeste.com\/esporte\/klose-revela-ligacao-de-messi-depois-de-perder-recorde-em-copas-foi-muito-emocionante\/#breadcrumb","itemListElement":[{"@type":"ListItem","position":1,"name":"In\u00edcio","item":"https:\/\/revistaoeste.com\/esporte\/"},{"@type":"ListItem","position":2,"name":"Klose revela liga\u00e7\u00e3o de Messi depois de perder recorde em Copas: &#8216;Foi muito emocionante&#8217;"}]},{"@type":"WebSite","@id":"https:\/\/revistaoeste.com\/esporte\/#website","url":"https:\/\/revistaoeste.com\/esporte\/","name":"Oeste Esporte","description":"Copa sem Firula","publisher":{"@id":"https:\/\/revistaoeste.com\/esporte\/#organization"},"potentialAction":[{"@type":"SearchAction","target":{"@type":"EntryPoint","urlTemplate":"https:\/\/revistaoeste.com\/esporte\/?s={search_term_string}"},"query-input":{"@type":"PropertyValueSpecification","valueRequired":true,"valueName":"search_term_string"}}],"inLanguage":"pt-BR"},{"@type":"Organization","@id":"https:\/\/revistaoeste.com\/esporte\/#organization","name":"Oeste Esporte","url":"https:\/\/revistaoeste.com\/esporte\/","logo":{"@type":"ImageObject","inLanguage":"pt-BR","@id":"https:\/\/revistaoeste.com\/esporte\/#\/schema\/logo\/image\/","url":"https:\/\/revistaoeste.com\/esporte\/wp-content\/uploads\/2026\/03\/avatar.jpg","contentUrl":"https:\/\/revistaoeste.com\/esporte\/wp-content\/uploads\/2026\/03\/avatar.jpg","width":500,"height":500,"caption":"Oeste Esporte"},"image":{"@id":"https:\/\/revistaoeste.com\/esporte\/#\/schema\/logo\/image\/"},"sameAs":["https:\/\/www.facebook.com\/oesterevista\/","https:\/\/x.com\/revistaoeste","https:\/\/www.youtube.com\/@OesteEsporte","https:\/\/www.instagram.com\/revistaoeste\/"]},{"@type":"Person","@id":"https:\/\/revistaoeste.com\/esporte\/#\/schema\/person\/6622e4d5d99a35adf0de88128e8d66a9","name":"Oeste Esporte","image":{"@type":"ImageObject","inLanguage":"pt-BR","@id":"https:\/\/secure.gravatar.com\/avatar\/8a2c5501fe5eb922c6c1838ad6a759fe758ecb18b48e36083e67f353c16e08ac?s=96&d=mm&r=g","url":"https:\/\/secure.gravatar.com\/avatar\/8a2c5501fe5eb922c6c1838ad6a759fe758ecb18b48e36083e67f353c16e08ac?s=96&d=mm&r=g","contentUrl":"https:\/\/secure.gravatar.com\/avatar\/8a2c5501fe5eb922c6c1838ad6a759fe758ecb18b48e36083e67f353c16e08ac?s=96&d=mm&r=g","caption":"Oeste Esporte"},"url":"https:\/\/www.revistaoeste.com\/esporte\/author\/felipebellirevistaoeste-com\/"}]}},"_links":{"self":[{"href":"https:\/\/www.revistaoeste.com\/esporte\/wp-json\/wp\/v2\/posts\/11092","targetHints":{"allow":["GET"]}}],"collection":[{"href":"https:\/\/www.revistaoeste.com\/esporte\/wp-json\/wp\/v2\/posts"}],"about":[{"href":"https:\/\/www.revistaoeste.com\/esporte\/wp-json\/wp\/v2\/types\/post"}],"author":[{"embeddable":true,"href":"https:\/\/www.revistaoeste.com\/esporte\/wp-json\/wp\/v2\/users\/5"}],"replies":[{"embeddable":true,"href":"https:\/\/www.revistaoeste.com\/esporte\/wp-json\/wp\/v2\/comments?post=11092"}],"version-history":[{"count":2,"href":"https:\/\/www.revistaoeste.com\/esporte\/wp-json\/wp\/v2\/posts\/11092\/revisions"}],"predecessor-version":[{"id":11097,"href":"https:\/\/www.revistaoeste.com\/esporte\/wp-json\/wp\/v2\/posts\/11092\/revisions\/11097"}],"wp:featuredmedia":[{"embeddable":true,"href":"https:\/\/www.revistaoeste.com\/esporte\/wp-json\/wp\/v2\/media\/11095"}],"wp:attachment":[{"href":"https:\/\/www.revistaoeste.com\/esporte\/wp-json\/wp\/v2\/media?parent=11092"}],"wp:term":[{"taxonomy":"category","embeddable":true,"href":"https:\/\/www.revistaoeste.com\/esporte\/wp-json\/wp\/v2\/categories?post=11092"},{"taxonomy":"post_tag","embeddable":true,"href":"https:\/\/www.revistaoeste.com\/esporte\/wp-json\/wp\/v2\/tags?post=11092"}],"curies":[{"name":"wp","href":"https:\/\/api.w.org\/{rel}","templated":true}]}}