{"id":10784,"date":"2026-07-08T19:00:00","date_gmt":"2026-07-08T22:00:00","guid":{"rendered":"https:\/\/revistaoeste.com\/esporte\/?p=10784"},"modified":"2026-07-08T16:21:06","modified_gmt":"2026-07-08T19:21:06","slug":"santos-dara-periodo-de-descanso-a-neymar-e-planeja-reuniao-para-definir-futuro-do-camisa-10","status":"publish","type":"post","link":"https:\/\/www.revistaoeste.com\/esporte\/santos-dara-periodo-de-descanso-a-neymar-e-planeja-reuniao-para-definir-futuro-do-camisa-10\/","title":{"rendered":"Santos dar\u00e1 per\u00edodo de descanso a Neymar e planeja reuni\u00e3o para definir futuro do camisa 10"},"content":{"rendered":"\n<p class=\"wp-block-paragraph\">Depois da elimina\u00e7\u00e3o da Sele\u00e7\u00e3o Brasileira nas oitavas de final da Copa do Mundo de 2026, o Santos decidiu conceder um per\u00edodo de descanso a Neymar antes da reapresenta\u00e7\u00e3o do elenco. O clube tamb\u00e9m pretende realizar uma reuni\u00e3o com o camisa 10 e seu estafe para discutir o futuro da parceria, j\u00e1 que o contrato do jogador \u00e9 v\u00e1lido at\u00e9 31 de dezembro de 2026.<\/p>\n\n\n\n<p class=\"wp-block-paragraph\"><strong>+ Leia mais not\u00edcias de&nbsp;<a  href=\"https:\/\/revistaoeste.com\/esporte\/\"  target=\"_blank\" rel=\"noopener noreferrer\">Oeste Esporte<\/a><\/strong><\/p>\n\n\n\n<p class=\"wp-block-paragraph\">A expectativa da diretoria santista \u00e9 que Neymar tenha cerca de 10 dias de folga antes de retornar aos treinamentos no CT Rei Pel\u00e9. O atacante permaneceu nos Estados Unidos depois da elimina\u00e7\u00e3o do Brasil para a Noruega e deve aproveitar o per\u00edodo ao lado da fam\u00edlia antes de voltar ao pa\u00eds.<\/p>\n\n\n\n<h2 class=\"wp-block-heading\">Conversa ser\u00e1 decisiva para o planejamento<\/h2>\n\n\n\n<p class=\"wp-block-paragraph\">A dire\u00e7\u00e3o do Santos pretende aproveitar o retorno do jogador para discutir os pr\u00f3ximos meses da temporada e entender quais s\u00e3o os planos de Neymar para a sequ\u00eancia da carreira. Embora o v\u00ednculo v\u00e1 at\u00e9 o fim do ano, o clube deseja alinhar expectativas com o atleta antes da retomada do Campeonato Brasileiro e das demais competi\u00e7\u00f5es.<\/p>\n\n\n\n<p class=\"wp-block-paragraph\">Internamente, a avalia\u00e7\u00e3o \u00e9 que o momento exige tranquilidade. Al\u00e9m do desgaste f\u00edsico provocado pela disputa da Copa do Mundo, Neymar vive dias de forte impacto emocional depois da elimina\u00e7\u00e3o da Sele\u00e7\u00e3o e do an\u00fancio de que n\u00e3o pretende disputar outra edi\u00e7\u00e3o do Mundial.<\/p>\n\n\n\n<h2 class=\"wp-block-heading\">Cuca prepara equipe enquanto aguarda o retorno<\/h2>\n\n\n\n<p class=\"wp-block-paragraph\">Enquanto aguarda a reapresenta\u00e7\u00e3o do camisa 10, o t\u00e9cnico Cuca segue a prepara\u00e7\u00e3o do elenco para o segundo semestre. Nesta quinta-feira, o Santos far\u00e1 um jogo-treino contra o Osasco Sporting, no CT Rei Pel\u00e9, utilizando a atividade para dar ritmo aos jogadores e observar atletas que tiveram menos oportunidades durante a primeira parte da temporada.<\/p>\n\n\n\n<p class=\"wp-block-paragraph\">Sem poder contratar refor\u00e7os por causa do transfer ban, a comiss\u00e3o t\u00e9cnica aposta na recupera\u00e7\u00e3o de jogadores do atual elenco e na integra\u00e7\u00e3o de jovens das categorias de base para fortalecer a equipe na sequ\u00eancia do ano. Alguns atletas que estavam em recupera\u00e7\u00e3o f\u00edsica, como Thaciano e Igor Vin\u00edcius, tamb\u00e9m avan\u00e7am em seus respectivos processos de transi\u00e7\u00e3o.<\/p>\n\n\n\n<h2 class=\"wp-block-heading\">Futuro segue em aberto<\/h2>\n\n\n\n<p class=\"wp-block-paragraph\">Apesar das especula\u00e7\u00f5es sobre uma poss\u00edvel sa\u00edda, o Santos mant\u00e9m a confian\u00e7a de que Neymar continuar\u00e1 no clube at\u00e9 o fim do contrato. A reuni\u00e3o prevista para os pr\u00f3ximos dias dever\u00e1 servir para definir o planejamento esportivo e entender quais s\u00e3o os objetivos do atacante depois do encerramento de sua trajet\u00f3ria em Copas do Mundo e da Sele\u00e7\u00e3o Brasileira.<\/p>\n\n\n\n<p class=\"wp-block-paragraph\"><\/p>\n","protected":false},"excerpt":{"rendered":"<p>Depois da elimina\u00e7\u00e3o da Sele\u00e7\u00e3o Brasileira nas oitavas de final da Copa do Mundo de 2026, o Santos decidiu conceder um per\u00edodo&hellip;<\/p>\n","protected":false},"author":5,"featured_media":10785,"comment_status":"open","ping_status":"open","sticky":false,"template":"","format":"standard","meta":{"footnotes":""},"categories":[3,8],"tags":[110,34,44,29,115,39,190,42],"class_list":["post-10784","post","type-post","status-publish","format-standard","has-post-thumbnail","hentry","category-selecao-brasileira","category-ultimas-noticias","tag-110","tag-brasil","tag-fifa","tag-futebol","tag-jogadores","tag-neymar","tag-santos","tag-selecao-brasileira"],"yoast_head":"<!-- This site is optimized with the Yoast SEO plugin v28.0 - https:\/\/yoast.com\/product\/yoast-seo-wordpress\/ -->\n<title>Santos dar\u00e1 descanso a Neymar e planeja reuni\u00e3o com camisa 10<\/title>\n<meta name=\"description\" content=\"O clube tamb\u00e9m pretende realizar uma reuni\u00e3o com o camisa 10 e seu estafe para discutir o futuro da parceria, j\u00e1 que o contrato do jogador \u00e9 v\u00e1lido at\u00e9 31 de dezembro\" \/>\n<meta name=\"robots\" content=\"index, follow, max-snippet:-1, max-image-preview:large, max-video-preview:-1\" \/>\n<link rel=\"canonical\" href=\"https:\/\/revistaoeste.com\/esporte\/santos-dara-periodo-de-descanso-a-neymar-e-planeja-reuniao-para-definir-futuro-do-camisa-10\/\" \/>\n<meta property=\"og:locale\" content=\"pt_BR\" \/>\n<meta property=\"og:type\" content=\"article\" \/>\n<meta property=\"og:title\" content=\"Santos dar\u00e1 descanso a Neymar e planeja reuni\u00e3o com camisa 10\" \/>\n<meta property=\"og:description\" content=\"O clube tamb\u00e9m pretende realizar uma reuni\u00e3o com o camisa 10 e seu estafe para discutir o futuro da parceria, j\u00e1 que o contrato do jogador \u00e9 v\u00e1lido at\u00e9 31 de dezembro\" \/>\n<meta property=\"og:url\" content=\"https:\/\/revistaoeste.com\/esporte\/santos-dara-periodo-de-descanso-a-neymar-e-planeja-reuniao-para-definir-futuro-do-camisa-10\/\" \/>\n<meta property=\"og:site_name\" content=\"Oeste Esporte\" \/>\n<meta property=\"article:publisher\" content=\"https:\/\/www.facebook.com\/oesterevista\/\" \/>\n<meta property=\"article:published_time\" content=\"2026-07-08T22:00:00+00:00\" \/>\n<meta property=\"og:image\" content=\"https:\/\/revistaoeste.com\/esporte\/wp-content\/uploads\/2026\/07\/Neymar-santos.png\" \/>\n\t<meta property=\"og:image:width\" content=\"638\" \/>\n\t<meta property=\"og:image:height\" content=\"456\" \/>\n\t<meta property=\"og:image:type\" content=\"image\/png\" \/>\n<meta name=\"author\" content=\"Oeste Esporte\" \/>\n<meta name=\"twitter:card\" content=\"summary_large_image\" \/>\n<meta name=\"twitter:creator\" content=\"@revistaoeste\" \/>\n<meta name=\"twitter:site\" content=\"@revistaoeste\" \/>\n<meta name=\"twitter:label1\" content=\"Escrito por\" \/>\n\t<meta name=\"twitter:data1\" content=\"Oeste Esporte\" \/>\n\t<meta name=\"twitter:label2\" content=\"Est. tempo de leitura\" \/>\n\t<meta name=\"twitter:data2\" content=\"3 minutos\" \/>\n<script type=\"application\/ld+json\" class=\"yoast-schema-graph\">{\"@context\":\"https:\\\/\\\/schema.org\",\"@graph\":[{\"@type\":\"Article\",\"@id\":\"https:\\\/\\\/revistaoeste.com\\\/esporte\\\/santos-dara-periodo-de-descanso-a-neymar-e-planeja-reuniao-para-definir-futuro-do-camisa-10\\\/#article\",\"isPartOf\":{\"@id\":\"https:\\\/\\\/revistaoeste.com\\\/esporte\\\/santos-dara-periodo-de-descanso-a-neymar-e-planeja-reuniao-para-definir-futuro-do-camisa-10\\\/\"},\"author\":{\"name\":\"Oeste Esporte\",\"@id\":\"https:\\\/\\\/www.revistaoeste.com\\\/esporte\\\/#\\\/schema\\\/person\\\/6622e4d5d99a35adf0de88128e8d66a9\"},\"headline\":\"Santos dar\u00e1 per\u00edodo de descanso a Neymar e planeja reuni\u00e3o para definir futuro do camisa 10\",\"datePublished\":\"2026-07-08T22:00:00+00:00\",\"mainEntityOfPage\":{\"@id\":\"https:\\\/\\\/revistaoeste.com\\\/esporte\\\/santos-dara-periodo-de-descanso-a-neymar-e-planeja-reuniao-para-definir-futuro-do-camisa-10\\\/\"},\"wordCount\":472,\"commentCount\":0,\"publisher\":{\"@id\":\"https:\\\/\\\/www.revistaoeste.com\\\/esporte\\\/#organization\"},\"image\":{\"@id\":\"https:\\\/\\\/revistaoeste.com\\\/esporte\\\/santos-dara-periodo-de-descanso-a-neymar-e-planeja-reuniao-para-definir-futuro-do-camisa-10\\\/#primaryimage\"},\"thumbnailUrl\":\"https:\\\/\\\/revistaoeste.com\\\/esporte\\\/wp-content\\\/uploads\\\/2026\\\/07\\\/Neymar-santos.png\",\"keywords\":[\"2026\",\"Brasil\",\"FIFA\",\"futebol\",\"jogadores\",\"Neymar\",\"Santos\",\"sele\u00e7\u00e3o brasileira\"],\"articleSection\":[\"Sele\u00e7\u00e3o Brasileira\",\"\u00daltimas Not\u00edcias\"],\"inLanguage\":\"pt-BR\",\"potentialAction\":[{\"@type\":\"CommentAction\",\"name\":\"Comment\",\"target\":[\"https:\\\/\\\/revistaoeste.com\\\/esporte\\\/santos-dara-periodo-de-descanso-a-neymar-e-planeja-reuniao-para-definir-futuro-do-camisa-10\\\/#respond\"]}]},{\"@type\":\"WebPage\",\"@id\":\"https:\\\/\\\/revistaoeste.com\\\/esporte\\\/santos-dara-periodo-de-descanso-a-neymar-e-planeja-reuniao-para-definir-futuro-do-camisa-10\\\/\",\"url\":\"https:\\\/\\\/revistaoeste.com\\\/esporte\\\/santos-dara-periodo-de-descanso-a-neymar-e-planeja-reuniao-para-definir-futuro-do-camisa-10\\\/\",\"name\":\"Santos dar\u00e1 descanso a Neymar e planeja reuni\u00e3o com camisa 10\",\"isPartOf\":{\"@id\":\"https:\\\/\\\/www.revistaoeste.com\\\/esporte\\\/#website\"},\"primaryImageOfPage\":{\"@id\":\"https:\\\/\\\/revistaoeste.com\\\/esporte\\\/santos-dara-periodo-de-descanso-a-neymar-e-planeja-reuniao-para-definir-futuro-do-camisa-10\\\/#primaryimage\"},\"image\":{\"@id\":\"https:\\\/\\\/revistaoeste.com\\\/esporte\\\/santos-dara-periodo-de-descanso-a-neymar-e-planeja-reuniao-para-definir-futuro-do-camisa-10\\\/#primaryimage\"},\"thumbnailUrl\":\"https:\\\/\\\/revistaoeste.com\\\/esporte\\\/wp-content\\\/uploads\\\/2026\\\/07\\\/Neymar-santos.png\",\"datePublished\":\"2026-07-08T22:00:00+00:00\",\"description\":\"O clube tamb\u00e9m pretende realizar uma reuni\u00e3o com o camisa 10 e seu estafe para discutir o futuro da parceria, j\u00e1 que o contrato do jogador \u00e9 v\u00e1lido at\u00e9 31 de dezembro\",\"breadcrumb\":{\"@id\":\"https:\\\/\\\/revistaoeste.com\\\/esporte\\\/santos-dara-periodo-de-descanso-a-neymar-e-planeja-reuniao-para-definir-futuro-do-camisa-10\\\/#breadcrumb\"},\"inLanguage\":\"pt-BR\",\"potentialAction\":[{\"@type\":\"ReadAction\",\"target\":[\"https:\\\/\\\/revistaoeste.com\\\/esporte\\\/santos-dara-periodo-de-descanso-a-neymar-e-planeja-reuniao-para-definir-futuro-do-camisa-10\\\/\"]}]},{\"@type\":\"ImageObject\",\"inLanguage\":\"pt-BR\",\"@id\":\"https:\\\/\\\/revistaoeste.com\\\/esporte\\\/santos-dara-periodo-de-descanso-a-neymar-e-planeja-reuniao-para-definir-futuro-do-camisa-10\\\/#primaryimage\",\"url\":\"https:\\\/\\\/revistaoeste.com\\\/esporte\\\/wp-content\\\/uploads\\\/2026\\\/07\\\/Neymar-santos.png\",\"contentUrl\":\"https:\\\/\\\/revistaoeste.com\\\/esporte\\\/wp-content\\\/uploads\\\/2026\\\/07\\\/Neymar-santos.png\",\"width\":638,\"height\":456,\"caption\":\"Neymar decidir\u00e1 pr\u00f3ximos passos na carreira | Foto: Reprodu\u00e7\u00e3o\"},{\"@type\":\"BreadcrumbList\",\"@id\":\"https:\\\/\\\/revistaoeste.com\\\/esporte\\\/santos-dara-periodo-de-descanso-a-neymar-e-planeja-reuniao-para-definir-futuro-do-camisa-10\\\/#breadcrumb\",\"itemListElement\":[{\"@type\":\"ListItem\",\"position\":1,\"name\":\"In\u00edcio\",\"item\":\"https:\\\/\\\/www.revistaoeste.com\\\/esporte\\\/\"},{\"@type\":\"ListItem\",\"position\":2,\"name\":\"Santos dar\u00e1 per\u00edodo de descanso a Neymar e planeja reuni\u00e3o para definir futuro do camisa 10\"}]},{\"@type\":\"WebSite\",\"@id\":\"https:\\\/\\\/www.revistaoeste.com\\\/esporte\\\/#website\",\"url\":\"https:\\\/\\\/www.revistaoeste.com\\\/esporte\\\/\",\"name\":\"Oeste Esporte\",\"description\":\"Copa sem Firula\",\"publisher\":{\"@id\":\"https:\\\/\\\/www.revistaoeste.com\\\/esporte\\\/#organization\"},\"potentialAction\":[{\"@type\":\"SearchAction\",\"target\":{\"@type\":\"EntryPoint\",\"urlTemplate\":\"https:\\\/\\\/www.revistaoeste.com\\\/esporte\\\/?s={search_term_string}\"},\"query-input\":{\"@type\":\"PropertyValueSpecification\",\"valueRequired\":true,\"valueName\":\"search_term_string\"}}],\"inLanguage\":\"pt-BR\"},{\"@type\":\"Organization\",\"@id\":\"https:\\\/\\\/www.revistaoeste.com\\\/esporte\\\/#organization\",\"name\":\"Oeste Esporte\",\"url\":\"https:\\\/\\\/www.revistaoeste.com\\\/esporte\\\/\",\"logo\":{\"@type\":\"ImageObject\",\"inLanguage\":\"pt-BR\",\"@id\":\"https:\\\/\\\/www.revistaoeste.com\\\/esporte\\\/#\\\/schema\\\/logo\\\/image\\\/\",\"url\":\"https:\\\/\\\/revistaoeste.com\\\/esporte\\\/wp-content\\\/uploads\\\/2026\\\/03\\\/avatar.jpg\",\"contentUrl\":\"https:\\\/\\\/revistaoeste.com\\\/esporte\\\/wp-content\\\/uploads\\\/2026\\\/03\\\/avatar.jpg\",\"width\":500,\"height\":500,\"caption\":\"Oeste Esporte\"},\"image\":{\"@id\":\"https:\\\/\\\/www.revistaoeste.com\\\/esporte\\\/#\\\/schema\\\/logo\\\/image\\\/\"},\"sameAs\":[\"https:\\\/\\\/www.facebook.com\\\/oesterevista\\\/\",\"https:\\\/\\\/x.com\\\/revistaoeste\",\"https:\\\/\\\/www.youtube.com\\\/@OesteEsporte\",\"https:\\\/\\\/www.instagram.com\\\/revistaoeste\\\/\"]},{\"@type\":\"Person\",\"@id\":\"https:\\\/\\\/www.revistaoeste.com\\\/esporte\\\/#\\\/schema\\\/person\\\/6622e4d5d99a35adf0de88128e8d66a9\",\"name\":\"Oeste Esporte\",\"image\":{\"@type\":\"ImageObject\",\"inLanguage\":\"pt-BR\",\"@id\":\"https:\\\/\\\/secure.gravatar.com\\\/avatar\\\/8a2c5501fe5eb922c6c1838ad6a759fe758ecb18b48e36083e67f353c16e08ac?s=96&d=mm&r=g\",\"url\":\"https:\\\/\\\/secure.gravatar.com\\\/avatar\\\/8a2c5501fe5eb922c6c1838ad6a759fe758ecb18b48e36083e67f353c16e08ac?s=96&d=mm&r=g\",\"contentUrl\":\"https:\\\/\\\/secure.gravatar.com\\\/avatar\\\/8a2c5501fe5eb922c6c1838ad6a759fe758ecb18b48e36083e67f353c16e08ac?s=96&d=mm&r=g\",\"caption\":\"Oeste Esporte\"},\"url\":\"https:\\\/\\\/www.revistaoeste.com\\\/esporte\\\/author\\\/felipebellirevistaoeste-com\\\/\"}]}<\/script>\n<!-- \/ Yoast SEO plugin. -->","yoast_head_json":{"title":"Santos dar\u00e1 descanso a Neymar e planeja reuni\u00e3o com camisa 10","description":"O clube tamb\u00e9m pretende realizar uma reuni\u00e3o com o camisa 10 e seu estafe para discutir o futuro da parceria, j\u00e1 que o contrato do jogador \u00e9 v\u00e1lido at\u00e9 31 de dezembro","robots":{"index":"index","follow":"follow","max-snippet":"max-snippet:-1","max-image-preview":"max-image-preview:large","max-video-preview":"max-video-preview:-1"},"canonical":"https:\/\/revistaoeste.com\/esporte\/santos-dara-periodo-de-descanso-a-neymar-e-planeja-reuniao-para-definir-futuro-do-camisa-10\/","og_locale":"pt_BR","og_type":"article","og_title":"Santos dar\u00e1 descanso a Neymar e planeja reuni\u00e3o com camisa 10","og_description":"O clube tamb\u00e9m pretende realizar uma reuni\u00e3o com o camisa 10 e seu estafe para discutir o futuro da parceria, j\u00e1 que o contrato do jogador \u00e9 v\u00e1lido at\u00e9 31 de dezembro","og_url":"https:\/\/revistaoeste.com\/esporte\/santos-dara-periodo-de-descanso-a-neymar-e-planeja-reuniao-para-definir-futuro-do-camisa-10\/","og_site_name":"Oeste Esporte","article_publisher":"https:\/\/www.facebook.com\/oesterevista\/","article_published_time":"2026-07-08T22:00:00+00:00","og_image":[{"width":638,"height":456,"url":"https:\/\/revistaoeste.com\/esporte\/wp-content\/uploads\/2026\/07\/Neymar-santos.png","type":"image\/png"}],"author":"Oeste Esporte","twitter_card":"summary_large_image","twitter_creator":"@revistaoeste","twitter_site":"@revistaoeste","twitter_misc":{"Escrito por":"Oeste Esporte","Est. tempo de leitura":"3 minutos"},"schema":{"@context":"https:\/\/schema.org","@graph":[{"@type":"Article","@id":"https:\/\/revistaoeste.com\/esporte\/santos-dara-periodo-de-descanso-a-neymar-e-planeja-reuniao-para-definir-futuro-do-camisa-10\/#article","isPartOf":{"@id":"https:\/\/revistaoeste.com\/esporte\/santos-dara-periodo-de-descanso-a-neymar-e-planeja-reuniao-para-definir-futuro-do-camisa-10\/"},"author":{"name":"Oeste Esporte","@id":"https:\/\/www.revistaoeste.com\/esporte\/#\/schema\/person\/6622e4d5d99a35adf0de88128e8d66a9"},"headline":"Santos dar\u00e1 per\u00edodo de descanso a Neymar e planeja reuni\u00e3o para definir futuro do camisa 10","datePublished":"2026-07-08T22:00:00+00:00","mainEntityOfPage":{"@id":"https:\/\/revistaoeste.com\/esporte\/santos-dara-periodo-de-descanso-a-neymar-e-planeja-reuniao-para-definir-futuro-do-camisa-10\/"},"wordCount":472,"commentCount":0,"publisher":{"@id":"https:\/\/www.revistaoeste.com\/esporte\/#organization"},"image":{"@id":"https:\/\/revistaoeste.com\/esporte\/santos-dara-periodo-de-descanso-a-neymar-e-planeja-reuniao-para-definir-futuro-do-camisa-10\/#primaryimage"},"thumbnailUrl":"https:\/\/revistaoeste.com\/esporte\/wp-content\/uploads\/2026\/07\/Neymar-santos.png","keywords":["2026","Brasil","FIFA","futebol","jogadores","Neymar","Santos","sele\u00e7\u00e3o brasileira"],"articleSection":["Sele\u00e7\u00e3o Brasileira","\u00daltimas Not\u00edcias"],"inLanguage":"pt-BR","potentialAction":[{"@type":"CommentAction","name":"Comment","target":["https:\/\/revistaoeste.com\/esporte\/santos-dara-periodo-de-descanso-a-neymar-e-planeja-reuniao-para-definir-futuro-do-camisa-10\/#respond"]}]},{"@type":"WebPage","@id":"https:\/\/revistaoeste.com\/esporte\/santos-dara-periodo-de-descanso-a-neymar-e-planeja-reuniao-para-definir-futuro-do-camisa-10\/","url":"https:\/\/revistaoeste.com\/esporte\/santos-dara-periodo-de-descanso-a-neymar-e-planeja-reuniao-para-definir-futuro-do-camisa-10\/","name":"Santos dar\u00e1 descanso a Neymar e planeja reuni\u00e3o com camisa 10","isPartOf":{"@id":"https:\/\/www.revistaoeste.com\/esporte\/#website"},"primaryImageOfPage":{"@id":"https:\/\/revistaoeste.com\/esporte\/santos-dara-periodo-de-descanso-a-neymar-e-planeja-reuniao-para-definir-futuro-do-camisa-10\/#primaryimage"},"image":{"@id":"https:\/\/revistaoeste.com\/esporte\/santos-dara-periodo-de-descanso-a-neymar-e-planeja-reuniao-para-definir-futuro-do-camisa-10\/#primaryimage"},"thumbnailUrl":"https:\/\/revistaoeste.com\/esporte\/wp-content\/uploads\/2026\/07\/Neymar-santos.png","datePublished":"2026-07-08T22:00:00+00:00","description":"O clube tamb\u00e9m pretende realizar uma reuni\u00e3o com o camisa 10 e seu estafe para discutir o futuro da parceria, j\u00e1 que o contrato do jogador \u00e9 v\u00e1lido at\u00e9 31 de dezembro","breadcrumb":{"@id":"https:\/\/revistaoeste.com\/esporte\/santos-dara-periodo-de-descanso-a-neymar-e-planeja-reuniao-para-definir-futuro-do-camisa-10\/#breadcrumb"},"inLanguage":"pt-BR","potentialAction":[{"@type":"ReadAction","target":["https:\/\/revistaoeste.com\/esporte\/santos-dara-periodo-de-descanso-a-neymar-e-planeja-reuniao-para-definir-futuro-do-camisa-10\/"]}]},{"@type":"ImageObject","inLanguage":"pt-BR","@id":"https:\/\/revistaoeste.com\/esporte\/santos-dara-periodo-de-descanso-a-neymar-e-planeja-reuniao-para-definir-futuro-do-camisa-10\/#primaryimage","url":"https:\/\/revistaoeste.com\/esporte\/wp-content\/uploads\/2026\/07\/Neymar-santos.png","contentUrl":"https:\/\/revistaoeste.com\/esporte\/wp-content\/uploads\/2026\/07\/Neymar-santos.png","width":638,"height":456,"caption":"Neymar decidir\u00e1 pr\u00f3ximos passos na carreira | Foto: Reprodu\u00e7\u00e3o"},{"@type":"BreadcrumbList","@id":"https:\/\/revistaoeste.com\/esporte\/santos-dara-periodo-de-descanso-a-neymar-e-planeja-reuniao-para-definir-futuro-do-camisa-10\/#breadcrumb","itemListElement":[{"@type":"ListItem","position":1,"name":"In\u00edcio","item":"https:\/\/www.revistaoeste.com\/esporte\/"},{"@type":"ListItem","position":2,"name":"Santos dar\u00e1 per\u00edodo de descanso a Neymar e planeja reuni\u00e3o para definir futuro do camisa 10"}]},{"@type":"WebSite","@id":"https:\/\/www.revistaoeste.com\/esporte\/#website","url":"https:\/\/www.revistaoeste.com\/esporte\/","name":"Oeste Esporte","description":"Copa sem Firula","publisher":{"@id":"https:\/\/www.revistaoeste.com\/esporte\/#organization"},"potentialAction":[{"@type":"SearchAction","target":{"@type":"EntryPoint","urlTemplate":"https:\/\/www.revistaoeste.com\/esporte\/?s={search_term_string}"},"query-input":{"@type":"PropertyValueSpecification","valueRequired":true,"valueName":"search_term_string"}}],"inLanguage":"pt-BR"},{"@type":"Organization","@id":"https:\/\/www.revistaoeste.com\/esporte\/#organization","name":"Oeste Esporte","url":"https:\/\/www.revistaoeste.com\/esporte\/","logo":{"@type":"ImageObject","inLanguage":"pt-BR","@id":"https:\/\/www.revistaoeste.com\/esporte\/#\/schema\/logo\/image\/","url":"https:\/\/revistaoeste.com\/esporte\/wp-content\/uploads\/2026\/03\/avatar.jpg","contentUrl":"https:\/\/revistaoeste.com\/esporte\/wp-content\/uploads\/2026\/03\/avatar.jpg","width":500,"height":500,"caption":"Oeste Esporte"},"image":{"@id":"https:\/\/www.revistaoeste.com\/esporte\/#\/schema\/logo\/image\/"},"sameAs":["https:\/\/www.facebook.com\/oesterevista\/","https:\/\/x.com\/revistaoeste","https:\/\/www.youtube.com\/@OesteEsporte","https:\/\/www.instagram.com\/revistaoeste\/"]},{"@type":"Person","@id":"https:\/\/www.revistaoeste.com\/esporte\/#\/schema\/person\/6622e4d5d99a35adf0de88128e8d66a9","name":"Oeste Esporte","image":{"@type":"ImageObject","inLanguage":"pt-BR","@id":"https:\/\/secure.gravatar.com\/avatar\/8a2c5501fe5eb922c6c1838ad6a759fe758ecb18b48e36083e67f353c16e08ac?s=96&d=mm&r=g","url":"https:\/\/secure.gravatar.com\/avatar\/8a2c5501fe5eb922c6c1838ad6a759fe758ecb18b48e36083e67f353c16e08ac?s=96&d=mm&r=g","contentUrl":"https:\/\/secure.gravatar.com\/avatar\/8a2c5501fe5eb922c6c1838ad6a759fe758ecb18b48e36083e67f353c16e08ac?s=96&d=mm&r=g","caption":"Oeste Esporte"},"url":"https:\/\/www.revistaoeste.com\/esporte\/author\/felipebellirevistaoeste-com\/"}]}},"_links":{"self":[{"href":"https:\/\/www.revistaoeste.com\/esporte\/wp-json\/wp\/v2\/posts\/10784","targetHints":{"allow":["GET"]}}],"collection":[{"href":"https:\/\/www.revistaoeste.com\/esporte\/wp-json\/wp\/v2\/posts"}],"about":[{"href":"https:\/\/www.revistaoeste.com\/esporte\/wp-json\/wp\/v2\/types\/post"}],"author":[{"embeddable":true,"href":"https:\/\/www.revistaoeste.com\/esporte\/wp-json\/wp\/v2\/users\/5"}],"replies":[{"embeddable":true,"href":"https:\/\/www.revistaoeste.com\/esporte\/wp-json\/wp\/v2\/comments?post=10784"}],"version-history":[{"count":2,"href":"https:\/\/www.revistaoeste.com\/esporte\/wp-json\/wp\/v2\/posts\/10784\/revisions"}],"predecessor-version":[{"id":10793,"href":"https:\/\/www.revistaoeste.com\/esporte\/wp-json\/wp\/v2\/posts\/10784\/revisions\/10793"}],"wp:featuredmedia":[{"embeddable":true,"href":"https:\/\/www.revistaoeste.com\/esporte\/wp-json\/wp\/v2\/media\/10785"}],"wp:attachment":[{"href":"https:\/\/www.revistaoeste.com\/esporte\/wp-json\/wp\/v2\/media?parent=10784"}],"wp:term":[{"taxonomy":"category","embeddable":true,"href":"https:\/\/www.revistaoeste.com\/esporte\/wp-json\/wp\/v2\/categories?post=10784"},{"taxonomy":"post_tag","embeddable":true,"href":"https:\/\/www.revistaoeste.com\/esporte\/wp-json\/wp\/v2\/tags?post=10784"}],"curies":[{"name":"wp","href":"https:\/\/api.w.org\/{rel}","templated":true}]}}