{"id":10442,"date":"2026-07-06T19:00:00","date_gmt":"2026-07-06T22:00:00","guid":{"rendered":"https:\/\/revistaoeste.com\/esporte\/?p=10442"},"modified":"2026-07-06T17:54:07","modified_gmt":"2026-07-06T20:54:07","slug":"franca-avalia-pedir-a-fifa-anulacao-de-cartao-amarelo-recebido-por-olise","status":"publish","type":"post","link":"https:\/\/www.revistaoeste.com\/esporte\/franca-avalia-pedir-a-fifa-anulacao-de-cartao-amarelo-recebido-por-olise\/","title":{"rendered":"Fran\u00e7a avalia pedir \u00e0 Fifa anula\u00e7\u00e3o de cart\u00e3o amarelo recebido por Olise"},"content":{"rendered":"\n<p class=\"wp-block-paragraph\">A Federa\u00e7\u00e3o Francesa de Futebol (FFF) estuda entrar com um pedido formal \u00e0 Fifa para anular o cart\u00e3o amarelo recebido por Michael Olise na vit\u00f3ria sobre o Paraguai, pelas oitavas de final da Copa do Mundo de 2026. A advert\u00eancia deixou o meia pendurado e pode tir\u00e1-lo de uma eventual semifinal caso volte a ser advertido nas quartas de final.<\/p>\n\n\n\n<p class=\"wp-block-paragraph\"><strong>+ Leia mais not\u00edcias de&nbsp;<a  href=\"https:\/\/revistaoeste.com\/esporte\/\"  target=\"_blank\" rel=\"noopener noreferrer\">Oeste Esporte<\/a><\/strong><\/p>\n\n\n\n<p class=\"wp-block-paragraph\">Segundo informa\u00e7\u00f5es divulgadas pelo jornal franc\u00eas <em>L&#8217;\u00c9quipe<\/em>, a entidade considera que o cart\u00e3o aplicado ao jogador foi injusto e pretende recorrer \u00e0 Fifa na tentativa de retirar a puni\u00e7\u00e3o do hist\u00f3rico disciplinar do atleta. A decis\u00e3o final sobre a apresenta\u00e7\u00e3o do recurso deve ser tomada nos pr\u00f3ximos dias.<\/p>\n\n\n\n<p class=\"wp-block-paragraph\">Olise foi advertido ainda no primeiro tempo da partida contra o Paraguai depois de uma disputa de bola. A comiss\u00e3o t\u00e9cnica francesa entende que o lance n\u00e3o justificava a aplica\u00e7\u00e3o do cart\u00e3o amarelo e acredita que h\u00e1 argumentos suficientes para solicitar uma revis\u00e3o da decis\u00e3o da arbitragem.<\/p>\n\n\n\n<p class=\"wp-block-paragraph\">O regulamento da Copa do Mundo prev\u00ea que jogadores acumulam suspens\u00e3o autom\u00e1tica ao receberem dois cart\u00f5es amarelos em partidas diferentes. Por isso, a Fran\u00e7a busca evitar que um de seus principais jogadores fique amea\u00e7ado de desfalcar a equipe justamente na reta decisiva do torneio.<\/p>\n\n\n\n<p class=\"wp-block-paragraph\">Michael Olise tem sido uma das pe\u00e7as mais importantes da sele\u00e7\u00e3o francesa na Copa de 2026. Al\u00e9m de participar da constru\u00e7\u00e3o das jogadas ofensivas, o meia se destacou na classifica\u00e7\u00e3o sobre o Paraguai, ajudando a equipe a garantir vaga nas quartas de final.<\/p>\n\n\n\n<p class=\"wp-block-paragraph\">Caso a Fifa aceite o pedido da Federa\u00e7\u00e3o Francesa, o cart\u00e3o ser\u00e1 retirado e Olise deixar\u00e1 de entrar em campo pendurado. No entanto, esse tipo de solicita\u00e7\u00e3o raramente \u00e9 aceito pela entidade, j\u00e1 que decis\u00f5es relacionadas a cart\u00f5es amarelos dificilmente s\u00e3o revistas ap\u00f3s o encerramento das partidas.<\/p>\n\n\n\n<p class=\"wp-block-paragraph\">A Fran\u00e7a aguarda a resposta da Fifa enquanto concentra as aten\u00e7\u00f5es na prepara\u00e7\u00e3o para as quartas de final, mantendo a expectativa de contar com Olise sem o risco de uma suspens\u00e3o por ac\u00famulo de cart\u00f5es nas fases decisivas da Copa do Mundo.<\/p>\n","protected":false},"excerpt":{"rendered":"<p>A Federa\u00e7\u00e3o Francesa de Futebol (FFF) estuda entrar com um pedido formal \u00e0 Fifa para anular o cart\u00e3o amarelo recebido por Michael&hellip;<\/p>\n","protected":false},"author":5,"featured_media":10444,"comment_status":"open","ping_status":"open","sticky":false,"template":"","format":"standard","meta":{"footnotes":""},"categories":[8],"tags":[110,3441,23,75,44,145,29,1791],"class_list":["post-10442","post","type-post","status-publish","format-standard","has-post-thumbnail","hentry","category-ultimas-noticias","tag-110","tag-cartao-amarelo","tag-copa-do-mundo","tag-copa-do-mundo-2026","tag-fifa","tag-franca","tag-futebol","tag-olise"],"yoast_head":"<!-- This site is optimized with the Yoast SEO plugin v28.0 - https:\/\/yoast.com\/product\/yoast-seo-wordpress\/ -->\n<title>Fran\u00e7a pede \u00e0 Fifa anula\u00e7\u00e3o de cart\u00e3o amarelo recebido por Olise<\/title>\n<meta name=\"description\" content=\"A Federa\u00e7\u00e3o Francesa de Futebol (FFF) estuda entrar com um pedido formal \u00e0 Fifa para anular o cart\u00e3o amarelo recebido por Michael Olise na vit\u00f3ria sobre o Paraguai\" \/>\n<meta name=\"robots\" content=\"index, follow, max-snippet:-1, max-image-preview:large, max-video-preview:-1\" \/>\n<link rel=\"canonical\" href=\"https:\/\/www.revistaoeste.com\/esporte\/franca-avalia-pedir-a-fifa-anulacao-de-cartao-amarelo-recebido-por-olise\/\" \/>\n<meta property=\"og:locale\" content=\"pt_BR\" \/>\n<meta property=\"og:type\" content=\"article\" \/>\n<meta property=\"og:title\" content=\"Fran\u00e7a pede \u00e0 Fifa anula\u00e7\u00e3o de cart\u00e3o amarelo recebido por Olise\" \/>\n<meta property=\"og:description\" content=\"A Federa\u00e7\u00e3o Francesa de Futebol (FFF) estuda entrar com um pedido formal \u00e0 Fifa para anular o cart\u00e3o amarelo recebido por Michael Olise na vit\u00f3ria sobre o Paraguai\" \/>\n<meta property=\"og:url\" content=\"https:\/\/www.revistaoeste.com\/esporte\/franca-avalia-pedir-a-fifa-anulacao-de-cartao-amarelo-recebido-por-olise\/\" \/>\n<meta property=\"og:site_name\" content=\"Oeste Esporte\" \/>\n<meta property=\"article:publisher\" content=\"https:\/\/www.facebook.com\/oesterevista\/\" \/>\n<meta property=\"article:published_time\" content=\"2026-07-06T22:00:00+00:00\" \/>\n<meta property=\"og:image\" content=\"https:\/\/revistaoeste.com\/esporte\/wp-content\/uploads\/2026\/07\/olise.png\" \/>\n\t<meta property=\"og:image:width\" content=\"640\" \/>\n\t<meta property=\"og:image:height\" content=\"449\" \/>\n\t<meta property=\"og:image:type\" content=\"image\/png\" \/>\n<meta name=\"author\" content=\"Oeste Esporte\" \/>\n<meta name=\"twitter:card\" content=\"summary_large_image\" \/>\n<meta name=\"twitter:creator\" content=\"@revistaoeste\" \/>\n<meta name=\"twitter:site\" content=\"@revistaoeste\" \/>\n<meta name=\"twitter:label1\" content=\"Escrito por\" \/>\n\t<meta name=\"twitter:data1\" content=\"Oeste Esporte\" \/>\n\t<meta name=\"twitter:label2\" content=\"Est. tempo de leitura\" \/>\n\t<meta name=\"twitter:data2\" content=\"3 minutos\" \/>\n<script type=\"application\/ld+json\" class=\"yoast-schema-graph\">{\"@context\":\"https:\\\/\\\/schema.org\",\"@graph\":[{\"@type\":\"Article\",\"@id\":\"https:\\\/\\\/www.revistaoeste.com\\\/esporte\\\/franca-avalia-pedir-a-fifa-anulacao-de-cartao-amarelo-recebido-por-olise\\\/#article\",\"isPartOf\":{\"@id\":\"https:\\\/\\\/www.revistaoeste.com\\\/esporte\\\/franca-avalia-pedir-a-fifa-anulacao-de-cartao-amarelo-recebido-por-olise\\\/\"},\"author\":{\"name\":\"Oeste Esporte\",\"@id\":\"https:\\\/\\\/revistaoeste.com\\\/esporte\\\/#\\\/schema\\\/person\\\/6622e4d5d99a35adf0de88128e8d66a9\"},\"headline\":\"Fran\u00e7a avalia pedir \u00e0 Fifa anula\u00e7\u00e3o de cart\u00e3o amarelo recebido por Olise\",\"datePublished\":\"2026-07-06T22:00:00+00:00\",\"mainEntityOfPage\":{\"@id\":\"https:\\\/\\\/www.revistaoeste.com\\\/esporte\\\/franca-avalia-pedir-a-fifa-anulacao-de-cartao-amarelo-recebido-por-olise\\\/\"},\"wordCount\":392,\"commentCount\":0,\"publisher\":{\"@id\":\"https:\\\/\\\/revistaoeste.com\\\/esporte\\\/#organization\"},\"image\":{\"@id\":\"https:\\\/\\\/www.revistaoeste.com\\\/esporte\\\/franca-avalia-pedir-a-fifa-anulacao-de-cartao-amarelo-recebido-por-olise\\\/#primaryimage\"},\"thumbnailUrl\":\"https:\\\/\\\/revistaoeste.com\\\/esporte\\\/wp-content\\\/uploads\\\/2026\\\/07\\\/olise.png\",\"keywords\":[\"2026\",\"cartao amarelo\",\"Copa do Mundo\",\"Copa do Mundo 2026\",\"FIFA\",\"Fran\u00e7a\",\"futebol\",\"olise\"],\"articleSection\":[\"\u00daltimas Not\u00edcias\"],\"inLanguage\":\"pt-BR\",\"potentialAction\":[{\"@type\":\"CommentAction\",\"name\":\"Comment\",\"target\":[\"https:\\\/\\\/www.revistaoeste.com\\\/esporte\\\/franca-avalia-pedir-a-fifa-anulacao-de-cartao-amarelo-recebido-por-olise\\\/#respond\"]}]},{\"@type\":\"WebPage\",\"@id\":\"https:\\\/\\\/www.revistaoeste.com\\\/esporte\\\/franca-avalia-pedir-a-fifa-anulacao-de-cartao-amarelo-recebido-por-olise\\\/\",\"url\":\"https:\\\/\\\/www.revistaoeste.com\\\/esporte\\\/franca-avalia-pedir-a-fifa-anulacao-de-cartao-amarelo-recebido-por-olise\\\/\",\"name\":\"Fran\u00e7a pede \u00e0 Fifa anula\u00e7\u00e3o de cart\u00e3o amarelo recebido por Olise\",\"isPartOf\":{\"@id\":\"https:\\\/\\\/revistaoeste.com\\\/esporte\\\/#website\"},\"primaryImageOfPage\":{\"@id\":\"https:\\\/\\\/www.revistaoeste.com\\\/esporte\\\/franca-avalia-pedir-a-fifa-anulacao-de-cartao-amarelo-recebido-por-olise\\\/#primaryimage\"},\"image\":{\"@id\":\"https:\\\/\\\/www.revistaoeste.com\\\/esporte\\\/franca-avalia-pedir-a-fifa-anulacao-de-cartao-amarelo-recebido-por-olise\\\/#primaryimage\"},\"thumbnailUrl\":\"https:\\\/\\\/revistaoeste.com\\\/esporte\\\/wp-content\\\/uploads\\\/2026\\\/07\\\/olise.png\",\"datePublished\":\"2026-07-06T22:00:00+00:00\",\"description\":\"A Federa\u00e7\u00e3o Francesa de Futebol (FFF) estuda entrar com um pedido formal \u00e0 Fifa para anular o cart\u00e3o amarelo recebido por Michael Olise na vit\u00f3ria sobre o Paraguai\",\"breadcrumb\":{\"@id\":\"https:\\\/\\\/www.revistaoeste.com\\\/esporte\\\/franca-avalia-pedir-a-fifa-anulacao-de-cartao-amarelo-recebido-por-olise\\\/#breadcrumb\"},\"inLanguage\":\"pt-BR\",\"potentialAction\":[{\"@type\":\"ReadAction\",\"target\":[\"https:\\\/\\\/www.revistaoeste.com\\\/esporte\\\/franca-avalia-pedir-a-fifa-anulacao-de-cartao-amarelo-recebido-por-olise\\\/\"]}]},{\"@type\":\"ImageObject\",\"inLanguage\":\"pt-BR\",\"@id\":\"https:\\\/\\\/www.revistaoeste.com\\\/esporte\\\/franca-avalia-pedir-a-fifa-anulacao-de-cartao-amarelo-recebido-por-olise\\\/#primaryimage\",\"url\":\"https:\\\/\\\/revistaoeste.com\\\/esporte\\\/wp-content\\\/uploads\\\/2026\\\/07\\\/olise.png\",\"contentUrl\":\"https:\\\/\\\/revistaoeste.com\\\/esporte\\\/wp-content\\\/uploads\\\/2026\\\/07\\\/olise.png\",\"width\":640,\"height\":449,\"caption\":\"Fran\u00e7a tenta recorrer cart\u00e3o de Olise | Foto: Reprodu\u00e7\u00e3o\\\/FFF\"},{\"@type\":\"BreadcrumbList\",\"@id\":\"https:\\\/\\\/www.revistaoeste.com\\\/esporte\\\/franca-avalia-pedir-a-fifa-anulacao-de-cartao-amarelo-recebido-por-olise\\\/#breadcrumb\",\"itemListElement\":[{\"@type\":\"ListItem\",\"position\":1,\"name\":\"In\u00edcio\",\"item\":\"https:\\\/\\\/revistaoeste.com\\\/esporte\\\/\"},{\"@type\":\"ListItem\",\"position\":2,\"name\":\"Fran\u00e7a avalia pedir \u00e0 Fifa anula\u00e7\u00e3o de cart\u00e3o amarelo recebido por Olise\"}]},{\"@type\":\"WebSite\",\"@id\":\"https:\\\/\\\/revistaoeste.com\\\/esporte\\\/#website\",\"url\":\"https:\\\/\\\/revistaoeste.com\\\/esporte\\\/\",\"name\":\"Oeste Esporte\",\"description\":\"Copa sem Firula\",\"publisher\":{\"@id\":\"https:\\\/\\\/revistaoeste.com\\\/esporte\\\/#organization\"},\"potentialAction\":[{\"@type\":\"SearchAction\",\"target\":{\"@type\":\"EntryPoint\",\"urlTemplate\":\"https:\\\/\\\/revistaoeste.com\\\/esporte\\\/?s={search_term_string}\"},\"query-input\":{\"@type\":\"PropertyValueSpecification\",\"valueRequired\":true,\"valueName\":\"search_term_string\"}}],\"inLanguage\":\"pt-BR\"},{\"@type\":\"Organization\",\"@id\":\"https:\\\/\\\/revistaoeste.com\\\/esporte\\\/#organization\",\"name\":\"Oeste Esporte\",\"url\":\"https:\\\/\\\/revistaoeste.com\\\/esporte\\\/\",\"logo\":{\"@type\":\"ImageObject\",\"inLanguage\":\"pt-BR\",\"@id\":\"https:\\\/\\\/revistaoeste.com\\\/esporte\\\/#\\\/schema\\\/logo\\\/image\\\/\",\"url\":\"https:\\\/\\\/revistaoeste.com\\\/esporte\\\/wp-content\\\/uploads\\\/2026\\\/03\\\/avatar.jpg\",\"contentUrl\":\"https:\\\/\\\/revistaoeste.com\\\/esporte\\\/wp-content\\\/uploads\\\/2026\\\/03\\\/avatar.jpg\",\"width\":500,\"height\":500,\"caption\":\"Oeste Esporte\"},\"image\":{\"@id\":\"https:\\\/\\\/revistaoeste.com\\\/esporte\\\/#\\\/schema\\\/logo\\\/image\\\/\"},\"sameAs\":[\"https:\\\/\\\/www.facebook.com\\\/oesterevista\\\/\",\"https:\\\/\\\/x.com\\\/revistaoeste\",\"https:\\\/\\\/www.youtube.com\\\/@OesteEsporte\",\"https:\\\/\\\/www.instagram.com\\\/revistaoeste\\\/\"]},{\"@type\":\"Person\",\"@id\":\"https:\\\/\\\/revistaoeste.com\\\/esporte\\\/#\\\/schema\\\/person\\\/6622e4d5d99a35adf0de88128e8d66a9\",\"name\":\"Oeste Esporte\",\"image\":{\"@type\":\"ImageObject\",\"inLanguage\":\"pt-BR\",\"@id\":\"https:\\\/\\\/secure.gravatar.com\\\/avatar\\\/8a2c5501fe5eb922c6c1838ad6a759fe758ecb18b48e36083e67f353c16e08ac?s=96&d=mm&r=g\",\"url\":\"https:\\\/\\\/secure.gravatar.com\\\/avatar\\\/8a2c5501fe5eb922c6c1838ad6a759fe758ecb18b48e36083e67f353c16e08ac?s=96&d=mm&r=g\",\"contentUrl\":\"https:\\\/\\\/secure.gravatar.com\\\/avatar\\\/8a2c5501fe5eb922c6c1838ad6a759fe758ecb18b48e36083e67f353c16e08ac?s=96&d=mm&r=g\",\"caption\":\"Oeste Esporte\"},\"url\":\"https:\\\/\\\/www.revistaoeste.com\\\/esporte\\\/author\\\/felipebellirevistaoeste-com\\\/\"}]}<\/script>\n<!-- \/ Yoast SEO plugin. -->","yoast_head_json":{"title":"Fran\u00e7a pede \u00e0 Fifa anula\u00e7\u00e3o de cart\u00e3o amarelo recebido por Olise","description":"A Federa\u00e7\u00e3o Francesa de Futebol (FFF) estuda entrar com um pedido formal \u00e0 Fifa para anular o cart\u00e3o amarelo recebido por Michael Olise na vit\u00f3ria sobre o Paraguai","robots":{"index":"index","follow":"follow","max-snippet":"max-snippet:-1","max-image-preview":"max-image-preview:large","max-video-preview":"max-video-preview:-1"},"canonical":"https:\/\/www.revistaoeste.com\/esporte\/franca-avalia-pedir-a-fifa-anulacao-de-cartao-amarelo-recebido-por-olise\/","og_locale":"pt_BR","og_type":"article","og_title":"Fran\u00e7a pede \u00e0 Fifa anula\u00e7\u00e3o de cart\u00e3o amarelo recebido por Olise","og_description":"A Federa\u00e7\u00e3o Francesa de Futebol (FFF) estuda entrar com um pedido formal \u00e0 Fifa para anular o cart\u00e3o amarelo recebido por Michael Olise na vit\u00f3ria sobre o Paraguai","og_url":"https:\/\/www.revistaoeste.com\/esporte\/franca-avalia-pedir-a-fifa-anulacao-de-cartao-amarelo-recebido-por-olise\/","og_site_name":"Oeste Esporte","article_publisher":"https:\/\/www.facebook.com\/oesterevista\/","article_published_time":"2026-07-06T22:00:00+00:00","og_image":[{"width":640,"height":449,"url":"https:\/\/revistaoeste.com\/esporte\/wp-content\/uploads\/2026\/07\/olise.png","type":"image\/png"}],"author":"Oeste Esporte","twitter_card":"summary_large_image","twitter_creator":"@revistaoeste","twitter_site":"@revistaoeste","twitter_misc":{"Escrito por":"Oeste Esporte","Est. tempo de leitura":"3 minutos"},"schema":{"@context":"https:\/\/schema.org","@graph":[{"@type":"Article","@id":"https:\/\/www.revistaoeste.com\/esporte\/franca-avalia-pedir-a-fifa-anulacao-de-cartao-amarelo-recebido-por-olise\/#article","isPartOf":{"@id":"https:\/\/www.revistaoeste.com\/esporte\/franca-avalia-pedir-a-fifa-anulacao-de-cartao-amarelo-recebido-por-olise\/"},"author":{"name":"Oeste Esporte","@id":"https:\/\/revistaoeste.com\/esporte\/#\/schema\/person\/6622e4d5d99a35adf0de88128e8d66a9"},"headline":"Fran\u00e7a avalia pedir \u00e0 Fifa anula\u00e7\u00e3o de cart\u00e3o amarelo recebido por Olise","datePublished":"2026-07-06T22:00:00+00:00","mainEntityOfPage":{"@id":"https:\/\/www.revistaoeste.com\/esporte\/franca-avalia-pedir-a-fifa-anulacao-de-cartao-amarelo-recebido-por-olise\/"},"wordCount":392,"commentCount":0,"publisher":{"@id":"https:\/\/revistaoeste.com\/esporte\/#organization"},"image":{"@id":"https:\/\/www.revistaoeste.com\/esporte\/franca-avalia-pedir-a-fifa-anulacao-de-cartao-amarelo-recebido-por-olise\/#primaryimage"},"thumbnailUrl":"https:\/\/revistaoeste.com\/esporte\/wp-content\/uploads\/2026\/07\/olise.png","keywords":["2026","cartao amarelo","Copa do Mundo","Copa do Mundo 2026","FIFA","Fran\u00e7a","futebol","olise"],"articleSection":["\u00daltimas Not\u00edcias"],"inLanguage":"pt-BR","potentialAction":[{"@type":"CommentAction","name":"Comment","target":["https:\/\/www.revistaoeste.com\/esporte\/franca-avalia-pedir-a-fifa-anulacao-de-cartao-amarelo-recebido-por-olise\/#respond"]}]},{"@type":"WebPage","@id":"https:\/\/www.revistaoeste.com\/esporte\/franca-avalia-pedir-a-fifa-anulacao-de-cartao-amarelo-recebido-por-olise\/","url":"https:\/\/www.revistaoeste.com\/esporte\/franca-avalia-pedir-a-fifa-anulacao-de-cartao-amarelo-recebido-por-olise\/","name":"Fran\u00e7a pede \u00e0 Fifa anula\u00e7\u00e3o de cart\u00e3o amarelo recebido por Olise","isPartOf":{"@id":"https:\/\/revistaoeste.com\/esporte\/#website"},"primaryImageOfPage":{"@id":"https:\/\/www.revistaoeste.com\/esporte\/franca-avalia-pedir-a-fifa-anulacao-de-cartao-amarelo-recebido-por-olise\/#primaryimage"},"image":{"@id":"https:\/\/www.revistaoeste.com\/esporte\/franca-avalia-pedir-a-fifa-anulacao-de-cartao-amarelo-recebido-por-olise\/#primaryimage"},"thumbnailUrl":"https:\/\/revistaoeste.com\/esporte\/wp-content\/uploads\/2026\/07\/olise.png","datePublished":"2026-07-06T22:00:00+00:00","description":"A Federa\u00e7\u00e3o Francesa de Futebol (FFF) estuda entrar com um pedido formal \u00e0 Fifa para anular o cart\u00e3o amarelo recebido por Michael Olise na vit\u00f3ria sobre o Paraguai","breadcrumb":{"@id":"https:\/\/www.revistaoeste.com\/esporte\/franca-avalia-pedir-a-fifa-anulacao-de-cartao-amarelo-recebido-por-olise\/#breadcrumb"},"inLanguage":"pt-BR","potentialAction":[{"@type":"ReadAction","target":["https:\/\/www.revistaoeste.com\/esporte\/franca-avalia-pedir-a-fifa-anulacao-de-cartao-amarelo-recebido-por-olise\/"]}]},{"@type":"ImageObject","inLanguage":"pt-BR","@id":"https:\/\/www.revistaoeste.com\/esporte\/franca-avalia-pedir-a-fifa-anulacao-de-cartao-amarelo-recebido-por-olise\/#primaryimage","url":"https:\/\/revistaoeste.com\/esporte\/wp-content\/uploads\/2026\/07\/olise.png","contentUrl":"https:\/\/revistaoeste.com\/esporte\/wp-content\/uploads\/2026\/07\/olise.png","width":640,"height":449,"caption":"Fran\u00e7a tenta recorrer cart\u00e3o de Olise | Foto: Reprodu\u00e7\u00e3o\/FFF"},{"@type":"BreadcrumbList","@id":"https:\/\/www.revistaoeste.com\/esporte\/franca-avalia-pedir-a-fifa-anulacao-de-cartao-amarelo-recebido-por-olise\/#breadcrumb","itemListElement":[{"@type":"ListItem","position":1,"name":"In\u00edcio","item":"https:\/\/revistaoeste.com\/esporte\/"},{"@type":"ListItem","position":2,"name":"Fran\u00e7a avalia pedir \u00e0 Fifa anula\u00e7\u00e3o de cart\u00e3o amarelo recebido por Olise"}]},{"@type":"WebSite","@id":"https:\/\/revistaoeste.com\/esporte\/#website","url":"https:\/\/revistaoeste.com\/esporte\/","name":"Oeste Esporte","description":"Copa sem Firula","publisher":{"@id":"https:\/\/revistaoeste.com\/esporte\/#organization"},"potentialAction":[{"@type":"SearchAction","target":{"@type":"EntryPoint","urlTemplate":"https:\/\/revistaoeste.com\/esporte\/?s={search_term_string}"},"query-input":{"@type":"PropertyValueSpecification","valueRequired":true,"valueName":"search_term_string"}}],"inLanguage":"pt-BR"},{"@type":"Organization","@id":"https:\/\/revistaoeste.com\/esporte\/#organization","name":"Oeste Esporte","url":"https:\/\/revistaoeste.com\/esporte\/","logo":{"@type":"ImageObject","inLanguage":"pt-BR","@id":"https:\/\/revistaoeste.com\/esporte\/#\/schema\/logo\/image\/","url":"https:\/\/revistaoeste.com\/esporte\/wp-content\/uploads\/2026\/03\/avatar.jpg","contentUrl":"https:\/\/revistaoeste.com\/esporte\/wp-content\/uploads\/2026\/03\/avatar.jpg","width":500,"height":500,"caption":"Oeste Esporte"},"image":{"@id":"https:\/\/revistaoeste.com\/esporte\/#\/schema\/logo\/image\/"},"sameAs":["https:\/\/www.facebook.com\/oesterevista\/","https:\/\/x.com\/revistaoeste","https:\/\/www.youtube.com\/@OesteEsporte","https:\/\/www.instagram.com\/revistaoeste\/"]},{"@type":"Person","@id":"https:\/\/revistaoeste.com\/esporte\/#\/schema\/person\/6622e4d5d99a35adf0de88128e8d66a9","name":"Oeste Esporte","image":{"@type":"ImageObject","inLanguage":"pt-BR","@id":"https:\/\/secure.gravatar.com\/avatar\/8a2c5501fe5eb922c6c1838ad6a759fe758ecb18b48e36083e67f353c16e08ac?s=96&d=mm&r=g","url":"https:\/\/secure.gravatar.com\/avatar\/8a2c5501fe5eb922c6c1838ad6a759fe758ecb18b48e36083e67f353c16e08ac?s=96&d=mm&r=g","contentUrl":"https:\/\/secure.gravatar.com\/avatar\/8a2c5501fe5eb922c6c1838ad6a759fe758ecb18b48e36083e67f353c16e08ac?s=96&d=mm&r=g","caption":"Oeste Esporte"},"url":"https:\/\/www.revistaoeste.com\/esporte\/author\/felipebellirevistaoeste-com\/"}]}},"_links":{"self":[{"href":"https:\/\/www.revistaoeste.com\/esporte\/wp-json\/wp\/v2\/posts\/10442","targetHints":{"allow":["GET"]}}],"collection":[{"href":"https:\/\/www.revistaoeste.com\/esporte\/wp-json\/wp\/v2\/posts"}],"about":[{"href":"https:\/\/www.revistaoeste.com\/esporte\/wp-json\/wp\/v2\/types\/post"}],"author":[{"embeddable":true,"href":"https:\/\/www.revistaoeste.com\/esporte\/wp-json\/wp\/v2\/users\/5"}],"replies":[{"embeddable":true,"href":"https:\/\/www.revistaoeste.com\/esporte\/wp-json\/wp\/v2\/comments?post=10442"}],"version-history":[{"count":1,"href":"https:\/\/www.revistaoeste.com\/esporte\/wp-json\/wp\/v2\/posts\/10442\/revisions"}],"predecessor-version":[{"id":10445,"href":"https:\/\/www.revistaoeste.com\/esporte\/wp-json\/wp\/v2\/posts\/10442\/revisions\/10445"}],"wp:featuredmedia":[{"embeddable":true,"href":"https:\/\/www.revistaoeste.com\/esporte\/wp-json\/wp\/v2\/media\/10444"}],"wp:attachment":[{"href":"https:\/\/www.revistaoeste.com\/esporte\/wp-json\/wp\/v2\/media?parent=10442"}],"wp:term":[{"taxonomy":"category","embeddable":true,"href":"https:\/\/www.revistaoeste.com\/esporte\/wp-json\/wp\/v2\/categories?post=10442"},{"taxonomy":"post_tag","embeddable":true,"href":"https:\/\/www.revistaoeste.com\/esporte\/wp-json\/wp\/v2\/tags?post=10442"}],"curies":[{"name":"wp","href":"https:\/\/api.w.org\/{rel}","templated":true}]}}